{"id":10,"date":"2006-02-26T15:19:04","date_gmt":"2006-02-26T14:19:04","guid":{"rendered":"http:\/\/www.feuerwehr-hetlingen.de\/Blog\/?p=10"},"modified":"2011-06-04T16:38:07","modified_gmt":"2011-06-04T14:38:07","slug":"einsatz-nr-1-lageerkundung-vogelgrippe","status":"publish","type":"post","link":"https:\/\/www.feuerwehr-hetlingen.de\/Blog\/?p=10","title":{"rendered":"Einsatz Nr. 1 &#8211; Lageerkundung Vogelgrippe"},"content":{"rendered":"<p><font color=\"#000000\" size=\"2\">Wir suchten heute mit 12 Kameraden und beiden Fahrzeugen das Gel\u00c3\u00a4nde und die Umgebung des Kl\u00c3\u00a4rwerks nach verendeten V\u00c3\u00b6geln ab. In einem gro\u00c3\u0178z\u00c3\u00bcgigen Umkreis um das Kl\u00c3\u00a4rwerksgel\u00c3\u00a4nde und auf dem Gel\u00c3\u00a4nde selbst konnten keine toten Tiere gefunden werden.<\/font><\/p>\n<p><font color=\"#000000\" size=\"2\"><u>Update 27.02.06<br \/>\n<\/u>Das Blesshuhn, das die Suche am Sonntag ausl\u00c3\u00b6ste ist im Friedrich-L\u00c3\u00b6ffler-Institut auf Vogelgrippe untersucht worden. Die Untersuchung verlief negativ &#8211; das Tier hatte keine Vogelgrippe.<\/font><\/p>\n<p><font color=\"#000000\" size=\"2\">Einsatzdauer: 14:31 &#8211; 16:10<\/font><\/p>\n","protected":false},"excerpt":{"rendered":"<p>Wir suchten heute mit 12 Kameraden und beiden Fahrzeugen das Gel\u00c3\u00a4nde und die Umgebung des Kl\u00c3\u00a4rwerks nach verendeten V\u00c3\u00b6geln ab. In einem gro\u00c3\u0178z\u00c3\u00bcgigen Umkreis um&#8230; <a class=\"continue-reading-link\" href=\"https:\/\/www.feuerwehr-hetlingen.de\/Blog\/?p=10\">Mehr<\/a><\/p>\n","protected":false},"author":1,"featured_media":0,"comment_status":"open","ping_status":"open","sticky":false,"template":"","format":"standard","meta":{"footnotes":""},"categories":[4,2],"tags":[],"class_list":["post-10","post","type-post","status-publish","format-standard","hentry","category-4","category-einsatze"],"_links":{"self":[{"href":"https:\/\/www.feuerwehr-hetlingen.de\/Blog\/index.php?rest_route=\/wp\/v2\/posts\/10","targetHints":{"allow":["GET"]}}],"collection":[{"href":"https:\/\/www.feuerwehr-hetlingen.de\/Blog\/index.php?rest_route=\/wp\/v2\/posts"}],"about":[{"href":"https:\/\/www.feuerwehr-hetlingen.de\/Blog\/index.php?rest_route=\/wp\/v2\/types\/post"}],"author":[{"embeddable":true,"href":"https:\/\/www.feuerwehr-hetlingen.de\/Blog\/index.php?rest_route=\/wp\/v2\/users\/1"}],"replies":[{"embeddable":true,"href":"https:\/\/www.feuerwehr-hetlingen.de\/Blog\/index.php?rest_route=%2Fwp%2Fv2%2Fcomments&post=10"}],"version-history":[{"count":0,"href":"https:\/\/www.feuerwehr-hetlingen.de\/Blog\/index.php?rest_route=\/wp\/v2\/posts\/10\/revisions"}],"wp:attachment":[{"href":"https:\/\/www.feuerwehr-hetlingen.de\/Blog\/index.php?rest_route=%2Fwp%2Fv2%2Fmedia&parent=10"}],"wp:term":[{"taxonomy":"category","embeddable":true,"href":"https:\/\/www.feuerwehr-hetlingen.de\/Blog\/index.php?rest_route=%2Fwp%2Fv2%2Fcategories&post=10"},{"taxonomy":"post_tag","embeddable":true,"href":"https:\/\/www.feuerwehr-hetlingen.de\/Blog\/index.php?rest_route=%2Fwp%2Fv2%2Ftags&post=10"}],"curies":[{"name":"wp","href":"https:\/\/api.w.org\/{rel}","templated":true}]}}