{"id":1617,"date":"2017-04-26T10:51:05","date_gmt":"2017-04-26T08:51:05","guid":{"rendered":"http:\/\/www.feuerwehr-hetlingen.de\/Blog\/?p=1617"},"modified":"2018-01-29T20:35:03","modified_gmt":"2018-01-29T18:35:03","slug":"26-04-2017-einsatz-nr-4-th-y-technische-hilfe-menschenleben-in-gefahr","status":"publish","type":"post","link":"https:\/\/www.feuerwehr-hetlingen.de\/Blog\/?p=1617","title":{"rendered":"26.04.2017 Einsatz Nr. 4 &#8211; TH Y Technische Hilfe Menschenleben in Gefahr"},"content":{"rendered":"<p>Am fr\u00c3\u00bchen Vormittag wurden wir zu einem schweren Verkehrsunfall an der Pinneberger Stra\u00c3\u0178e zwischen Holm und Wedel alarmiert.\u00c2\u00a0Die Feuerwehr Hetlingen unterst\u00c3\u00bctzte die Kameraden aus Holm und Wedel bei der Rettung und Versorgung\u00c2\u00a0mehrerer\u00c2\u00a0verunfallter Personen. F\u00c3\u00bcr die Dauer der Rettungsarbeiten kam es zu Verkehrsbehinderungen.<\/p>\n<p><a href=\"http:\/\/www.presseportal.de\/blaulicht\/pm\/22179\/3621197\">Bericht<\/a> des Kreisfeuerwehrverbandes<\/p>\n<p>Alarmierung: Digitaler Meldeempf\u00c3\u00a4nger (DME), Sirene<\/p>\n<p>Eingesetzte Kr\u00c3\u00a4fte: FF Hetlingen (HLF 20\/16), FF Holm, FF Wedel, Rettungsdienst, Polizei<\/p>\n<p>Einsatzdauer: 08:39h \u00e2\u20ac\u201c \u00c2\u00a009:45h<\/p>\n","protected":false},"excerpt":{"rendered":"<p>Am fr\u00c3\u00bchen Vormittag wurden wir zu einem schweren Verkehrsunfall an der Pinneberger Stra\u00c3\u0178e zwischen Holm und Wedel alarmiert.\u00c2\u00a0Die Feuerwehr Hetlingen unterst\u00c3\u00bctzte die Kameraden aus Holm&#8230; <a class=\"continue-reading-link\" href=\"https:\/\/www.feuerwehr-hetlingen.de\/Blog\/?p=1617\">Mehr<\/a><\/p>\n","protected":false},"author":1,"featured_media":0,"comment_status":"closed","ping_status":"closed","sticky":false,"template":"","format":"standard","meta":{"footnotes":""},"categories":[33,12,2,13],"tags":[],"class_list":["post-1617","post","type-post","status-publish","format-standard","hentry","category-33","category-archiv","category-einsatze","category-ff-hetlingen-2"],"_links":{"self":[{"href":"https:\/\/www.feuerwehr-hetlingen.de\/Blog\/index.php?rest_route=\/wp\/v2\/posts\/1617","targetHints":{"allow":["GET"]}}],"collection":[{"href":"https:\/\/www.feuerwehr-hetlingen.de\/Blog\/index.php?rest_route=\/wp\/v2\/posts"}],"about":[{"href":"https:\/\/www.feuerwehr-hetlingen.de\/Blog\/index.php?rest_route=\/wp\/v2\/types\/post"}],"author":[{"embeddable":true,"href":"https:\/\/www.feuerwehr-hetlingen.de\/Blog\/index.php?rest_route=\/wp\/v2\/users\/1"}],"replies":[{"embeddable":true,"href":"https:\/\/www.feuerwehr-hetlingen.de\/Blog\/index.php?rest_route=%2Fwp%2Fv2%2Fcomments&post=1617"}],"version-history":[{"count":3,"href":"https:\/\/www.feuerwehr-hetlingen.de\/Blog\/index.php?rest_route=\/wp\/v2\/posts\/1617\/revisions"}],"predecessor-version":[{"id":1620,"href":"https:\/\/www.feuerwehr-hetlingen.de\/Blog\/index.php?rest_route=\/wp\/v2\/posts\/1617\/revisions\/1620"}],"wp:attachment":[{"href":"https:\/\/www.feuerwehr-hetlingen.de\/Blog\/index.php?rest_route=%2Fwp%2Fv2%2Fmedia&parent=1617"}],"wp:term":[{"taxonomy":"category","embeddable":true,"href":"https:\/\/www.feuerwehr-hetlingen.de\/Blog\/index.php?rest_route=%2Fwp%2Fv2%2Fcategories&post=1617"},{"taxonomy":"post_tag","embeddable":true,"href":"https:\/\/www.feuerwehr-hetlingen.de\/Blog\/index.php?rest_route=%2Fwp%2Fv2%2Ftags&post=1617"}],"curies":[{"name":"wp","href":"https:\/\/api.w.org\/{rel}","templated":true}]}}