{"id":1744,"date":"2017-10-02T16:39:42","date_gmt":"2017-10-02T14:39:42","guid":{"rendered":"http:\/\/www.feuerwehr-hetlingen.de\/Blog\/?p=1744"},"modified":"2018-04-01T16:55:32","modified_gmt":"2018-04-01T14:55:32","slug":"02-10-2017-einsatz-nr-12-th-y-verkehrsunfall-eingeklemmte-person","status":"publish","type":"post","link":"https:\/\/www.feuerwehr-hetlingen.de\/Blog\/?p=1744","title":{"rendered":"02.10.2017 Einsatz Nr. 12 \u00e2\u20ac\u201c TH Y Verkehrsunfall eingeklemmte Person"},"content":{"rendered":"<p>Heute morgen wurden wir zu einem Verkehrsunfall in Haseldorf zur Stra\u00c3\u0178e Hetlinger Deich alarmiert. Dort wurde eine eingeklemmte Person gemeldet.<\/p>\n<p>Vor Ort lag das verunfallte Auto auf dem Dach. Die Person konnte durch die Ersthelfer aus dem Auto befreit werden und wurde sofort vom Rettungsdienst medizinisch versorgt. Wir sperrten die Stra\u00c3\u0178e aus Richtung Hetlingen f\u00c3\u00bcr den Verkehr ab. Nach Absprache mit dem Rettungsdienst r\u00c3\u00bcckten wir, nach der Patientenversorgung, wieder ein.<\/p>\n<p><a href=\"http:\/\/www.feuerwehr-hetlingen.de\/Blog\/wp-content\/uploads\/2017\/10\/vu_hetlingerdeich_passig_gemacht.jpg\"><img loading=\"lazy\" decoding=\"async\" class=\"alignnone  wp-image-1746\" src=\"http:\/\/www.feuerwehr-hetlingen.de\/Blog\/wp-content\/uploads\/2017\/10\/vu_hetlingerdeich_passig_gemacht-300x169.jpg\" alt=\"\" width=\"405\" height=\"228\" srcset=\"https:\/\/www.feuerwehr-hetlingen.de\/Blog\/wp-content\/uploads\/2017\/10\/vu_hetlingerdeich_passig_gemacht-300x169.jpg 300w, https:\/\/www.feuerwehr-hetlingen.de\/Blog\/wp-content\/uploads\/2017\/10\/vu_hetlingerdeich_passig_gemacht-768x432.jpg 768w, https:\/\/www.feuerwehr-hetlingen.de\/Blog\/wp-content\/uploads\/2017\/10\/vu_hetlingerdeich_passig_gemacht-250x141.jpg 250w, https:\/\/www.feuerwehr-hetlingen.de\/Blog\/wp-content\/uploads\/2017\/10\/vu_hetlingerdeich_passig_gemacht-150x84.jpg 150w, https:\/\/www.feuerwehr-hetlingen.de\/Blog\/wp-content\/uploads\/2017\/10\/vu_hetlingerdeich_passig_gemacht.jpg 1000w\" sizes=\"auto, (max-width: 405px) 100vw, 405px\" \/><\/a><\/p>\n<p>Alarmierung:\u00c2\u00a0Digitaler Meldeempf\u00c3\u00a4nger (DME), Sirene<\/p>\n<p>Eingesetzte Kr\u00c3\u00a4fte: FF Hetlingen (HLF 20\/16, LF 8\/6), FF Haseldorf, Polizei, Rettungsdienst<\/p>\n<p>Einsatzdauer:\u00c2\u00a08:55h &#8211; 9:30h<\/p>\n","protected":false},"excerpt":{"rendered":"<p>Heute morgen wurden wir zu einem Verkehrsunfall in Haseldorf zur Stra\u00c3\u0178e Hetlinger Deich alarmiert. Dort wurde eine eingeklemmte Person gemeldet. Vor Ort lag das verunfallte&#8230; <a class=\"continue-reading-link\" href=\"https:\/\/www.feuerwehr-hetlingen.de\/Blog\/?p=1744\">Mehr<\/a><\/p>\n","protected":false},"author":1,"featured_media":0,"comment_status":"closed","ping_status":"closed","sticky":false,"template":"","format":"standard","meta":{"footnotes":""},"categories":[33,12,2,13],"tags":[],"class_list":["post-1744","post","type-post","status-publish","format-standard","hentry","category-33","category-archiv","category-einsatze","category-ff-hetlingen-2"],"_links":{"self":[{"href":"https:\/\/www.feuerwehr-hetlingen.de\/Blog\/index.php?rest_route=\/wp\/v2\/posts\/1744","targetHints":{"allow":["GET"]}}],"collection":[{"href":"https:\/\/www.feuerwehr-hetlingen.de\/Blog\/index.php?rest_route=\/wp\/v2\/posts"}],"about":[{"href":"https:\/\/www.feuerwehr-hetlingen.de\/Blog\/index.php?rest_route=\/wp\/v2\/types\/post"}],"author":[{"embeddable":true,"href":"https:\/\/www.feuerwehr-hetlingen.de\/Blog\/index.php?rest_route=\/wp\/v2\/users\/1"}],"replies":[{"embeddable":true,"href":"https:\/\/www.feuerwehr-hetlingen.de\/Blog\/index.php?rest_route=%2Fwp%2Fv2%2Fcomments&post=1744"}],"version-history":[{"count":2,"href":"https:\/\/www.feuerwehr-hetlingen.de\/Blog\/index.php?rest_route=\/wp\/v2\/posts\/1744\/revisions"}],"predecessor-version":[{"id":1748,"href":"https:\/\/www.feuerwehr-hetlingen.de\/Blog\/index.php?rest_route=\/wp\/v2\/posts\/1744\/revisions\/1748"}],"wp:attachment":[{"href":"https:\/\/www.feuerwehr-hetlingen.de\/Blog\/index.php?rest_route=%2Fwp%2Fv2%2Fmedia&parent=1744"}],"wp:term":[{"taxonomy":"category","embeddable":true,"href":"https:\/\/www.feuerwehr-hetlingen.de\/Blog\/index.php?rest_route=%2Fwp%2Fv2%2Fcategories&post=1744"},{"taxonomy":"post_tag","embeddable":true,"href":"https:\/\/www.feuerwehr-hetlingen.de\/Blog\/index.php?rest_route=%2Fwp%2Fv2%2Ftags&post=1744"}],"curies":[{"name":"wp","href":"https:\/\/api.w.org\/{rel}","templated":true}]}}