{"id":1749,"date":"2017-10-05T19:03:28","date_gmt":"2017-10-05T17:03:28","guid":{"rendered":"http:\/\/www.feuerwehr-hetlingen.de\/Blog\/?p=1749"},"modified":"2018-04-01T16:55:44","modified_gmt":"2018-04-01T14:55:44","slug":"05-10-2017-einsatz-nr-13-16-technische-hilfe-baum-auf-strasse","status":"publish","type":"post","link":"https:\/\/www.feuerwehr-hetlingen.de\/Blog\/?p=1749","title":{"rendered":"05.10.2017 Einsatz Nr. 13 &#8211; 16 \u00e2\u20ac\u201c Technische Hilfe: Baum auf Stra\u00c3\u0178e"},"content":{"rendered":"<p>Durch das Sturmtief &#8222;Xavier&#8220; musste die Feuerwehr Hetlingen mehrfach ausr\u00c3\u00bccken um umgest\u00c3\u00bcrtze B\u00c3\u00a4ume von Stra\u00c3\u0178en und Wegen zu holen. Die Einsatzorte verteilten sich auf die Bereiche Kindergarten, Gr\u00c3\u00bcner Damm, Am Heuhafen und Holmer Stra\u00c3\u0178e. Vor Ort wurden die B\u00c3\u00a4ume zers\u00c3\u00a4gt und beiseite geschafft, sodass ein durchkommen wieder m\u00c3\u00b6glich\u00c2\u00a0war.<\/p>\n<p>&nbsp;<\/p>\n<p><a href=\"http:\/\/www.feuerwehr-hetlingen.de\/Blog\/wp-content\/uploads\/2017\/10\/img_20171005_150242_passig_gemacht.jpg\"><img loading=\"lazy\" decoding=\"async\" class=\"alignnone size-medium wp-image-1751\" src=\"http:\/\/www.feuerwehr-hetlingen.de\/Blog\/wp-content\/uploads\/2017\/10\/img_20171005_150242_passig_gemacht-300x169.jpg\" alt=\"\" width=\"300\" height=\"169\" srcset=\"https:\/\/www.feuerwehr-hetlingen.de\/Blog\/wp-content\/uploads\/2017\/10\/img_20171005_150242_passig_gemacht-300x169.jpg 300w, https:\/\/www.feuerwehr-hetlingen.de\/Blog\/wp-content\/uploads\/2017\/10\/img_20171005_150242_passig_gemacht-768x432.jpg 768w, https:\/\/www.feuerwehr-hetlingen.de\/Blog\/wp-content\/uploads\/2017\/10\/img_20171005_150242_passig_gemacht-250x141.jpg 250w, https:\/\/www.feuerwehr-hetlingen.de\/Blog\/wp-content\/uploads\/2017\/10\/img_20171005_150242_passig_gemacht-150x84.jpg 150w, https:\/\/www.feuerwehr-hetlingen.de\/Blog\/wp-content\/uploads\/2017\/10\/img_20171005_150242_passig_gemacht.jpg 1000w\" sizes=\"auto, (max-width: 300px) 100vw, 300px\" \/><\/a><a href=\"http:\/\/www.feuerwehr-hetlingen.de\/Blog\/wp-content\/uploads\/2017\/10\/img_20171005_150320_passig_gemacht.jpg\"><img loading=\"lazy\" decoding=\"async\" class=\"alignnone size-medium wp-image-1752\" src=\"http:\/\/www.feuerwehr-hetlingen.de\/Blog\/wp-content\/uploads\/2017\/10\/img_20171005_150320_passig_gemacht-300x169.jpg\" alt=\"\" width=\"300\" height=\"169\" srcset=\"https:\/\/www.feuerwehr-hetlingen.de\/Blog\/wp-content\/uploads\/2017\/10\/img_20171005_150320_passig_gemacht-300x169.jpg 300w, https:\/\/www.feuerwehr-hetlingen.de\/Blog\/wp-content\/uploads\/2017\/10\/img_20171005_150320_passig_gemacht-768x432.jpg 768w, https:\/\/www.feuerwehr-hetlingen.de\/Blog\/wp-content\/uploads\/2017\/10\/img_20171005_150320_passig_gemacht-250x141.jpg 250w, https:\/\/www.feuerwehr-hetlingen.de\/Blog\/wp-content\/uploads\/2017\/10\/img_20171005_150320_passig_gemacht-150x84.jpg 150w, https:\/\/www.feuerwehr-hetlingen.de\/Blog\/wp-content\/uploads\/2017\/10\/img_20171005_150320_passig_gemacht.jpg 1000w\" sizes=\"auto, (max-width: 300px) 100vw, 300px\" \/><\/a><\/p>\n<p>&nbsp;<\/p>\n<p><strong>Einsatz 13 &#8211; 15:<\/strong> 14:40h &#8211; 15:50h<\/p>\n<p><strong>Einsatz 16:<\/strong> 15:54h &#8211; 16:30h<\/p>\n<p>Alarmierung: Telefon, DME<\/p>\n<p>Eingesetzte Kr\u00c3\u00a4fte:\u00c2\u00a0FF Hetlingen (HLF 20\/16)<\/p>\n<p>&nbsp;<\/p>\n<p>&nbsp;<\/p>\n","protected":false},"excerpt":{"rendered":"<p>Durch das Sturmtief &#8222;Xavier&#8220; musste die Feuerwehr Hetlingen mehrfach ausr\u00c3\u00bccken um umgest\u00c3\u00bcrtze B\u00c3\u00a4ume von Stra\u00c3\u0178en und Wegen zu holen. Die Einsatzorte verteilten sich auf die&#8230; <a class=\"continue-reading-link\" href=\"https:\/\/www.feuerwehr-hetlingen.de\/Blog\/?p=1749\">Mehr<\/a><\/p>\n","protected":false},"author":1,"featured_media":0,"comment_status":"closed","ping_status":"closed","sticky":false,"template":"","format":"standard","meta":{"footnotes":""},"categories":[33,12,2,13],"tags":[],"class_list":["post-1749","post","type-post","status-publish","format-standard","hentry","category-33","category-archiv","category-einsatze","category-ff-hetlingen-2"],"_links":{"self":[{"href":"https:\/\/www.feuerwehr-hetlingen.de\/Blog\/index.php?rest_route=\/wp\/v2\/posts\/1749","targetHints":{"allow":["GET"]}}],"collection":[{"href":"https:\/\/www.feuerwehr-hetlingen.de\/Blog\/index.php?rest_route=\/wp\/v2\/posts"}],"about":[{"href":"https:\/\/www.feuerwehr-hetlingen.de\/Blog\/index.php?rest_route=\/wp\/v2\/types\/post"}],"author":[{"embeddable":true,"href":"https:\/\/www.feuerwehr-hetlingen.de\/Blog\/index.php?rest_route=\/wp\/v2\/users\/1"}],"replies":[{"embeddable":true,"href":"https:\/\/www.feuerwehr-hetlingen.de\/Blog\/index.php?rest_route=%2Fwp%2Fv2%2Fcomments&post=1749"}],"version-history":[{"count":3,"href":"https:\/\/www.feuerwehr-hetlingen.de\/Blog\/index.php?rest_route=\/wp\/v2\/posts\/1749\/revisions"}],"predecessor-version":[{"id":1755,"href":"https:\/\/www.feuerwehr-hetlingen.de\/Blog\/index.php?rest_route=\/wp\/v2\/posts\/1749\/revisions\/1755"}],"wp:attachment":[{"href":"https:\/\/www.feuerwehr-hetlingen.de\/Blog\/index.php?rest_route=%2Fwp%2Fv2%2Fmedia&parent=1749"}],"wp:term":[{"taxonomy":"category","embeddable":true,"href":"https:\/\/www.feuerwehr-hetlingen.de\/Blog\/index.php?rest_route=%2Fwp%2Fv2%2Fcategories&post=1749"},{"taxonomy":"post_tag","embeddable":true,"href":"https:\/\/www.feuerwehr-hetlingen.de\/Blog\/index.php?rest_route=%2Fwp%2Fv2%2Ftags&post=1749"}],"curies":[{"name":"wp","href":"https:\/\/api.w.org\/{rel}","templated":true}]}}