{"id":2699,"date":"2021-01-12T17:19:40","date_gmt":"2021-01-12T15:19:40","guid":{"rendered":"https:\/\/www.feuerwehr-hetlingen.de\/Blog\/?p=2699"},"modified":"2023-04-08T14:43:45","modified_gmt":"2023-04-08T12:43:45","slug":"12-01-2021-einsatz-nr-1-th-wasser-y-spaziergaenger-vom-wasser-eingeschlossen","status":"publish","type":"post","link":"https:\/\/www.feuerwehr-hetlingen.de\/Blog\/?p=2699","title":{"rendered":"12.01.2021 &#8211; Einsatz Nr. 1 TH WASSER Y Spazierg\u00e4nger vom Wasser eingeschlossen"},"content":{"rendered":"<div class=\"wp-block-image is-style-default\">\n<figure class=\"aligncenter size-full is-resized\"><img decoding=\"async\" src=\"https:\/\/www.feuerwehr-hetlingen.de\/Blog\/wp-content\/uploads\/2021\/01\/2021-01.jpg\" alt=\"\" class=\"wp-image-2701\" width=\"800\" srcset=\"https:\/\/www.feuerwehr-hetlingen.de\/Blog\/wp-content\/uploads\/2021\/01\/2021-01.jpg 717w, https:\/\/www.feuerwehr-hetlingen.de\/Blog\/wp-content\/uploads\/2021\/01\/2021-01-300x285.jpg 300w, https:\/\/www.feuerwehr-hetlingen.de\/Blog\/wp-content\/uploads\/2021\/01\/2021-01-158x150.jpg 158w, https:\/\/www.feuerwehr-hetlingen.de\/Blog\/wp-content\/uploads\/2021\/01\/2021-01-150x142.jpg 150w\" sizes=\"(max-width: 717px) 100vw, 717px\" \/><\/figure>\n<\/div>\n\n\n<p>Am heutigen Dienstag r\u00fcckten wir mit den Kameraden der Feuerwehr Wedel und Holm gemeinsam an die Elbe aus. Dort waren Personen in einem schlecht zug\u00e4nglichen Uferbereich durch das auflaufende Wasser eingeschlossen worden. Sie konnten sich nicht aus eigener Kraft retten.<br><br>Die Feuerwehr rettete die Personen von der Wasserseite und \u00fcbergab sie an den Rettungsdienst.<br><br>Alarmierung: Digitaler Meldeempf\u00e4nger (DME), Sirene<br><br>Eingesetzte Kr\u00e4fte: FF Hetlingen (HLF 20\/16, LF 8\/6), FF Wedel, FF Holm, 2 RTW, Polizei.<br><br>Einsatzdauer: 14:50- ca. 15:45<\/p>\n","protected":false},"excerpt":{"rendered":"<p>Am heutigen Dienstag r\u00fcckten wir mit den Kameraden der Feuerwehr Wedel und Holm gemeinsam an die Elbe aus. Dort waren Personen in einem schlecht zug\u00e4nglichen&#8230; <a class=\"continue-reading-link\" href=\"https:\/\/www.feuerwehr-hetlingen.de\/Blog\/?p=2699\">Mehr<\/a><\/p>\n","protected":false},"author":1,"featured_media":0,"comment_status":"closed","ping_status":"closed","sticky":false,"template":"","format":"standard","meta":{"footnotes":""},"categories":[37,45],"tags":[],"class_list":["post-2699","post","type-post","status-publish","format-standard","hentry","category-37","category-archiv-2021"],"_links":{"self":[{"href":"https:\/\/www.feuerwehr-hetlingen.de\/Blog\/index.php?rest_route=\/wp\/v2\/posts\/2699","targetHints":{"allow":["GET"]}}],"collection":[{"href":"https:\/\/www.feuerwehr-hetlingen.de\/Blog\/index.php?rest_route=\/wp\/v2\/posts"}],"about":[{"href":"https:\/\/www.feuerwehr-hetlingen.de\/Blog\/index.php?rest_route=\/wp\/v2\/types\/post"}],"author":[{"embeddable":true,"href":"https:\/\/www.feuerwehr-hetlingen.de\/Blog\/index.php?rest_route=\/wp\/v2\/users\/1"}],"replies":[{"embeddable":true,"href":"https:\/\/www.feuerwehr-hetlingen.de\/Blog\/index.php?rest_route=%2Fwp%2Fv2%2Fcomments&post=2699"}],"version-history":[{"count":13,"href":"https:\/\/www.feuerwehr-hetlingen.de\/Blog\/index.php?rest_route=\/wp\/v2\/posts\/2699\/revisions"}],"predecessor-version":[{"id":3441,"href":"https:\/\/www.feuerwehr-hetlingen.de\/Blog\/index.php?rest_route=\/wp\/v2\/posts\/2699\/revisions\/3441"}],"wp:attachment":[{"href":"https:\/\/www.feuerwehr-hetlingen.de\/Blog\/index.php?rest_route=%2Fwp%2Fv2%2Fmedia&parent=2699"}],"wp:term":[{"taxonomy":"category","embeddable":true,"href":"https:\/\/www.feuerwehr-hetlingen.de\/Blog\/index.php?rest_route=%2Fwp%2Fv2%2Fcategories&post=2699"},{"taxonomy":"post_tag","embeddable":true,"href":"https:\/\/www.feuerwehr-hetlingen.de\/Blog\/index.php?rest_route=%2Fwp%2Fv2%2Ftags&post=2699"}],"curies":[{"name":"wp","href":"https:\/\/api.w.org\/{rel}","templated":true}]}}