{"id":2820,"date":"2021-09-10T06:03:00","date_gmt":"2021-09-10T04:03:00","guid":{"rendered":"https:\/\/www.feuerwehr-hetlingen.de\/Blog\/?p=2820"},"modified":"2023-01-02T11:20:16","modified_gmt":"2023-01-02T09:20:16","slug":"gemeinsame-uebung-2","status":"publish","type":"post","link":"https:\/\/www.feuerwehr-hetlingen.de\/Blog\/?p=2820","title":{"rendered":"09.09.21 Gemeinsame \u00dcbung"},"content":{"rendered":"\n<p>Mit den Nachbarwehren Holm und Heist f\u00fchrten wir eine gemeinsame \u00dcbung in Heist durch. Dort wurde unter anderem der Innenangriff und die Personenrettung in einer Tiefgarage unter Atemschutz ge\u00fcbt. Mit dem Mehrzweckzug wurde ein PKW aus der Tiefgarage geborgen. Im Verlauf der \u00dcbung wurde die Tiefgarage mit einem Druckl\u00fcfter entraucht. <\/p>\n\n\n\n<figure class=\"wp-block-gallery has-nested-images columns-default is-cropped wp-block-gallery-1 is-layout-flex wp-block-gallery-is-layout-flex\">\n<figure class=\"wp-block-image size-large\"><a href=\"https:\/\/www.feuerwehr-hetlingen.de\/Blog\/wp-content\/uploads\/2021\/09\/PHOTO-2021-09-10-10-24-32-3.jpg\"><img loading=\"lazy\" decoding=\"async\" width=\"1024\" height=\"576\" data-id=\"2821\" src=\"https:\/\/www.feuerwehr-hetlingen.de\/Blog\/wp-content\/uploads\/2021\/09\/PHOTO-2021-09-10-10-24-32-3-1024x576.jpg\" alt=\"\" class=\"wp-image-2821\" srcset=\"https:\/\/www.feuerwehr-hetlingen.de\/Blog\/wp-content\/uploads\/2021\/09\/PHOTO-2021-09-10-10-24-32-3-1024x576.jpg 1024w, https:\/\/www.feuerwehr-hetlingen.de\/Blog\/wp-content\/uploads\/2021\/09\/PHOTO-2021-09-10-10-24-32-3-300x169.jpg 300w, https:\/\/www.feuerwehr-hetlingen.de\/Blog\/wp-content\/uploads\/2021\/09\/PHOTO-2021-09-10-10-24-32-3-768x432.jpg 768w, https:\/\/www.feuerwehr-hetlingen.de\/Blog\/wp-content\/uploads\/2021\/09\/PHOTO-2021-09-10-10-24-32-3-1536x864.jpg 1536w, https:\/\/www.feuerwehr-hetlingen.de\/Blog\/wp-content\/uploads\/2021\/09\/PHOTO-2021-09-10-10-24-32-3-250x141.jpg 250w, https:\/\/www.feuerwehr-hetlingen.de\/Blog\/wp-content\/uploads\/2021\/09\/PHOTO-2021-09-10-10-24-32-3-150x84.jpg 150w, https:\/\/www.feuerwehr-hetlingen.de\/Blog\/wp-content\/uploads\/2021\/09\/PHOTO-2021-09-10-10-24-32-3.jpg 1600w\" sizes=\"auto, (max-width: 1024px) 100vw, 1024px\" \/><\/a><\/figure>\n\n\n\n<figure class=\"wp-block-image size-large\"><a href=\"https:\/\/www.feuerwehr-hetlingen.de\/Blog\/wp-content\/uploads\/2021\/09\/PHOTO-2021-09-10-10-24-32-4.jpg\"><img loading=\"lazy\" decoding=\"async\" width=\"1024\" height=\"576\" data-id=\"2822\" src=\"https:\/\/www.feuerwehr-hetlingen.de\/Blog\/wp-content\/uploads\/2021\/09\/PHOTO-2021-09-10-10-24-32-4-1024x576.jpg\" alt=\"\" class=\"wp-image-2822\" srcset=\"https:\/\/www.feuerwehr-hetlingen.de\/Blog\/wp-content\/uploads\/2021\/09\/PHOTO-2021-09-10-10-24-32-4-1024x576.jpg 1024w, https:\/\/www.feuerwehr-hetlingen.de\/Blog\/wp-content\/uploads\/2021\/09\/PHOTO-2021-09-10-10-24-32-4-300x169.jpg 300w, https:\/\/www.feuerwehr-hetlingen.de\/Blog\/wp-content\/uploads\/2021\/09\/PHOTO-2021-09-10-10-24-32-4-768x432.jpg 768w, https:\/\/www.feuerwehr-hetlingen.de\/Blog\/wp-content\/uploads\/2021\/09\/PHOTO-2021-09-10-10-24-32-4-1536x864.jpg 1536w, https:\/\/www.feuerwehr-hetlingen.de\/Blog\/wp-content\/uploads\/2021\/09\/PHOTO-2021-09-10-10-24-32-4-250x141.jpg 250w, https:\/\/www.feuerwehr-hetlingen.de\/Blog\/wp-content\/uploads\/2021\/09\/PHOTO-2021-09-10-10-24-32-4-150x84.jpg 150w, https:\/\/www.feuerwehr-hetlingen.de\/Blog\/wp-content\/uploads\/2021\/09\/PHOTO-2021-09-10-10-24-32-4.jpg 1600w\" sizes=\"auto, (max-width: 1024px) 100vw, 1024px\" \/><\/a><\/figure>\n\n\n\n<figure class=\"wp-block-image size-large\"><a href=\"https:\/\/www.feuerwehr-hetlingen.de\/Blog\/wp-content\/uploads\/2021\/09\/PHOTO-2021-09-10-10-24-32.jpg\"><img loading=\"lazy\" decoding=\"async\" width=\"576\" height=\"1024\" data-id=\"2823\" src=\"https:\/\/www.feuerwehr-hetlingen.de\/Blog\/wp-content\/uploads\/2021\/09\/PHOTO-2021-09-10-10-24-32-576x1024.jpg\" alt=\"\" class=\"wp-image-2823\" srcset=\"https:\/\/www.feuerwehr-hetlingen.de\/Blog\/wp-content\/uploads\/2021\/09\/PHOTO-2021-09-10-10-24-32-576x1024.jpg 576w, https:\/\/www.feuerwehr-hetlingen.de\/Blog\/wp-content\/uploads\/2021\/09\/PHOTO-2021-09-10-10-24-32-169x300.jpg 169w, https:\/\/www.feuerwehr-hetlingen.de\/Blog\/wp-content\/uploads\/2021\/09\/PHOTO-2021-09-10-10-24-32-768x1365.jpg 768w, https:\/\/www.feuerwehr-hetlingen.de\/Blog\/wp-content\/uploads\/2021\/09\/PHOTO-2021-09-10-10-24-32-864x1536.jpg 864w, https:\/\/www.feuerwehr-hetlingen.de\/Blog\/wp-content\/uploads\/2021\/09\/PHOTO-2021-09-10-10-24-32-84x150.jpg 84w, https:\/\/www.feuerwehr-hetlingen.de\/Blog\/wp-content\/uploads\/2021\/09\/PHOTO-2021-09-10-10-24-32.jpg 900w\" sizes=\"auto, (max-width: 576px) 100vw, 576px\" \/><\/a><\/figure>\n<\/figure>\n","protected":false},"excerpt":{"rendered":"<p>Mit den Nachbarwehren Holm und Heist f\u00fchrten wir eine gemeinsame \u00dcbung in Heist durch. Dort wurde unter anderem der Innenangriff und die Personenrettung in einer&#8230; <a class=\"continue-reading-link\" href=\"https:\/\/www.feuerwehr-hetlingen.de\/Blog\/?p=2820\">Mehr<\/a><\/p>\n","protected":false},"author":1,"featured_media":0,"comment_status":"closed","ping_status":"closed","sticky":false,"template":"","format":"standard","meta":{"footnotes":""},"categories":[45],"tags":[],"class_list":["post-2820","post","type-post","status-publish","format-standard","hentry","category-archiv-2021"],"_links":{"self":[{"href":"https:\/\/www.feuerwehr-hetlingen.de\/Blog\/index.php?rest_route=\/wp\/v2\/posts\/2820","targetHints":{"allow":["GET"]}}],"collection":[{"href":"https:\/\/www.feuerwehr-hetlingen.de\/Blog\/index.php?rest_route=\/wp\/v2\/posts"}],"about":[{"href":"https:\/\/www.feuerwehr-hetlingen.de\/Blog\/index.php?rest_route=\/wp\/v2\/types\/post"}],"author":[{"embeddable":true,"href":"https:\/\/www.feuerwehr-hetlingen.de\/Blog\/index.php?rest_route=\/wp\/v2\/users\/1"}],"replies":[{"embeddable":true,"href":"https:\/\/www.feuerwehr-hetlingen.de\/Blog\/index.php?rest_route=%2Fwp%2Fv2%2Fcomments&post=2820"}],"version-history":[{"count":3,"href":"https:\/\/www.feuerwehr-hetlingen.de\/Blog\/index.php?rest_route=\/wp\/v2\/posts\/2820\/revisions"}],"predecessor-version":[{"id":3342,"href":"https:\/\/www.feuerwehr-hetlingen.de\/Blog\/index.php?rest_route=\/wp\/v2\/posts\/2820\/revisions\/3342"}],"wp:attachment":[{"href":"https:\/\/www.feuerwehr-hetlingen.de\/Blog\/index.php?rest_route=%2Fwp%2Fv2%2Fmedia&parent=2820"}],"wp:term":[{"taxonomy":"category","embeddable":true,"href":"https:\/\/www.feuerwehr-hetlingen.de\/Blog\/index.php?rest_route=%2Fwp%2Fv2%2Fcategories&post=2820"},{"taxonomy":"post_tag","embeddable":true,"href":"https:\/\/www.feuerwehr-hetlingen.de\/Blog\/index.php?rest_route=%2Fwp%2Fv2%2Ftags&post=2820"}],"curies":[{"name":"wp","href":"https:\/\/api.w.org\/{rel}","templated":true}]}}