{"id":3082,"date":"2022-06-15T08:07:00","date_gmt":"2022-06-15T06:07:00","guid":{"rendered":"https:\/\/www.feuerwehr-hetlingen.de\/Blog\/?p=3082"},"modified":"2022-12-20T17:13:07","modified_gmt":"2022-12-20T15:13:07","slug":"tag-der-offenen-tuer-bei-der-freiwilligen-feuerwehr-hetlingen","status":"publish","type":"post","link":"https:\/\/www.feuerwehr-hetlingen.de\/Blog\/?p=3082","title":{"rendered":"12.06.22 Tag der offenen T\u00fcr"},"content":{"rendered":"\n<p>Tag der offenen T\u00fcr bei der Freiwilligen Feuerwehr Hetlingen<\/p>\n\n\n\n<figure class=\"wp-block-image size-large\"><a href=\"https:\/\/www.feuerwehr-hetlingen.de\/Blog\/wp-content\/uploads\/2022\/06\/tdotbanner2-scaled.jpg\"><img loading=\"lazy\" decoding=\"async\" width=\"1024\" height=\"438\" src=\"https:\/\/www.feuerwehr-hetlingen.de\/Blog\/wp-content\/uploads\/2022\/06\/tdotbanner2-1024x438.jpg\" alt=\"\" class=\"wp-image-3093\" srcset=\"https:\/\/www.feuerwehr-hetlingen.de\/Blog\/wp-content\/uploads\/2022\/06\/tdotbanner2-1024x438.jpg 1024w, https:\/\/www.feuerwehr-hetlingen.de\/Blog\/wp-content\/uploads\/2022\/06\/tdotbanner2-300x128.jpg 300w, https:\/\/www.feuerwehr-hetlingen.de\/Blog\/wp-content\/uploads\/2022\/06\/tdotbanner2-768x329.jpg 768w, https:\/\/www.feuerwehr-hetlingen.de\/Blog\/wp-content\/uploads\/2022\/06\/tdotbanner2-1536x657.jpg 1536w, https:\/\/www.feuerwehr-hetlingen.de\/Blog\/wp-content\/uploads\/2022\/06\/tdotbanner2-2048x877.jpg 2048w, https:\/\/www.feuerwehr-hetlingen.de\/Blog\/wp-content\/uploads\/2022\/06\/tdotbanner2-250x107.jpg 250w, https:\/\/www.feuerwehr-hetlingen.de\/Blog\/wp-content\/uploads\/2022\/06\/tdotbanner2-150x64.jpg 150w\" sizes=\"auto, (max-width: 1024px) 100vw, 1024px\" \/><\/a><\/figure>\n\n\n\n<p>Bei bestem Sonnenschein veranstaltete die Freiwillige Feuerwehr Hetlingen nach 4 Jahren unfreiwilliger Pause wieder einen Tag der offenen T\u00fcr. Zahlreiche gro\u00dfe und kleine Besucher fanden den Weg zur Feuerwache und konnten uns aus n\u00e4chster N\u00e4he kennenlernen. <\/p>\n\n\n\n<p>Wir erkl\u00e4rten wie Feuerl\u00f6scher funktionieren und wie man sie richtig bedient. Wir f\u00fchrten auch vor, wie man richtig mit einem Feuerl\u00f6scher l\u00f6scht. Interessierten erl\u00e4uterten wir das Thema Rauchmelder und ihre lebensrettende Wirkung. In der Fahrzeughalle erkl\u00e4rten unsere Kameraden ausf\u00fchrlich, was ein Atemschutzger\u00e4tetr\u00e4ger so alles anziehen und mitnehmen muss. Mit der gesamten Schutzkleidung und Atemluftflaschen kommen schnell \u00fcber 25 kg zus\u00e4tzliches Gewicht zusammen. Und dazu kommt dann noch die schwere Feuerwehraxt oder wassergef\u00fcllte Schl\u00e4uche &#8230;<\/p>\n\n\n\n<figure class=\"wp-block-gallery has-nested-images columns-default is-cropped wp-block-gallery-1 is-layout-flex wp-block-gallery-is-layout-flex\">\n<figure class=\"wp-block-image size-large\"><a href=\"https:\/\/www.feuerwehr-hetlingen.de\/Blog\/wp-content\/uploads\/2022\/06\/IMG_1408.jpeg\"><img loading=\"lazy\" decoding=\"async\" width=\"1024\" height=\"768\" data-id=\"3087\" src=\"https:\/\/www.feuerwehr-hetlingen.de\/Blog\/wp-content\/uploads\/2022\/06\/IMG_1408-1024x768.jpeg\" alt=\"\" class=\"wp-image-3087\" srcset=\"https:\/\/www.feuerwehr-hetlingen.de\/Blog\/wp-content\/uploads\/2022\/06\/IMG_1408-1024x768.jpeg 1024w, https:\/\/www.feuerwehr-hetlingen.de\/Blog\/wp-content\/uploads\/2022\/06\/IMG_1408-300x225.jpeg 300w, https:\/\/www.feuerwehr-hetlingen.de\/Blog\/wp-content\/uploads\/2022\/06\/IMG_1408-768x576.jpeg 768w, https:\/\/www.feuerwehr-hetlingen.de\/Blog\/wp-content\/uploads\/2022\/06\/IMG_1408-200x150.jpeg 200w, https:\/\/www.feuerwehr-hetlingen.de\/Blog\/wp-content\/uploads\/2022\/06\/IMG_1408-150x113.jpeg 150w, https:\/\/www.feuerwehr-hetlingen.de\/Blog\/wp-content\/uploads\/2022\/06\/IMG_1408.jpeg 1280w\" sizes=\"auto, (max-width: 1024px) 100vw, 1024px\" \/><\/a><\/figure>\n\n\n\n<figure class=\"wp-block-image size-large\"><a href=\"https:\/\/www.feuerwehr-hetlingen.de\/Blog\/wp-content\/uploads\/2022\/06\/IMG_1410-Gross.jpeg\"><img loading=\"lazy\" decoding=\"async\" width=\"768\" height=\"1024\" data-id=\"3094\" src=\"https:\/\/www.feuerwehr-hetlingen.de\/Blog\/wp-content\/uploads\/2022\/06\/IMG_1410-Gross-768x1024.jpeg\" alt=\"\" class=\"wp-image-3094\" srcset=\"https:\/\/www.feuerwehr-hetlingen.de\/Blog\/wp-content\/uploads\/2022\/06\/IMG_1410-Gross-768x1024.jpeg 768w, https:\/\/www.feuerwehr-hetlingen.de\/Blog\/wp-content\/uploads\/2022\/06\/IMG_1410-Gross-225x300.jpeg 225w, https:\/\/www.feuerwehr-hetlingen.de\/Blog\/wp-content\/uploads\/2022\/06\/IMG_1410-Gross-113x150.jpeg 113w, https:\/\/www.feuerwehr-hetlingen.de\/Blog\/wp-content\/uploads\/2022\/06\/IMG_1410-Gross.jpeg 960w\" sizes=\"auto, (max-width: 768px) 100vw, 768px\" \/><\/a><\/figure>\n<\/figure>\n\n\n\n<p><\/p>\n\n\n\n<div class=\"wp-block-media-text alignwide is-stacked-on-mobile\"><figure class=\"wp-block-media-text__media\"><video controls src=\"https:\/\/www.feuerwehr-hetlingen.de\/Blog\/wp-content\/uploads\/2022\/06\/Fettexplosion.mov\"><\/video><\/figure><div class=\"wp-block-media-text__content\">\n<p style=\"font-size:1em\">Besonders eindrucksvoll war wieder die Vorf\u00fchrung einer Fettexplosion. Brennendes Fett, wie zum Beispiel in einer Pfanne auf dem Herd, kann leicht durch Abdecken der Pfanne mit einem passenden Deckel gel\u00f6scht werden. Die brennende Pfanne tr\u00e4gt man dann einfach ins Freie.<br>Gie\u00dft man jedoch Wasser in brennendes Fett kommt es wie in der Vorf\u00fchrung zu einer heftigen Explosion. Die Temperatur f\u00fchrt zu einem schlagartigen Verdampfen des Wassers. Es rei\u00dft winzige Fettpartikel mit und das f\u00fchrt zu einer schlagartigen Vergr\u00f6\u00dferung der Oberfl\u00e4che. Durch die Vermischung mit dem Luftsauerstoff kommt es dann zur explosiven Durchz\u00fcndung &#8211; das ist auf dem Video sehr gut zu erkennen.<\/p>\n<\/div><\/div>\n\n\n\n<p>Als besondere G\u00e4ste beim Tag der offenen T\u00fcr bei der Freiwilligen Feuerwehr Hetlingen durften wir eine Delegation des L\u00f6schzug-Gefahrgut vom <a href=\"https:\/\/www.kfv-pinneberg.de\">Kreisfeuerwehrverband<\/a> begr\u00fc\u00dfen. Die Kameraden stellten den gro\u00dfen Abrollcontainer vor und erkl\u00e4rten, wie Eins\u00e4tze mit Gefahrstoffen bek\u00e4mpft werden. Dazu geh\u00f6rt auch der Chemikalienschutzanzug (CSA) &#8211; eine echte Herausforderung bei sommerlichen Temperaturen.<\/p>\n\n\n\n<figure class=\"wp-block-gallery has-nested-images columns-default is-cropped wp-block-gallery-2 is-layout-flex wp-block-gallery-is-layout-flex\">\n<figure class=\"wp-block-image size-large\"><a href=\"https:\/\/www.feuerwehr-hetlingen.de\/Blog\/wp-content\/uploads\/2022\/06\/IMG_1405.jpeg\"><img loading=\"lazy\" decoding=\"async\" width=\"1024\" height=\"768\" data-id=\"3083\" src=\"https:\/\/www.feuerwehr-hetlingen.de\/Blog\/wp-content\/uploads\/2022\/06\/IMG_1405-1024x768.jpeg\" alt=\"\" class=\"wp-image-3083\" srcset=\"https:\/\/www.feuerwehr-hetlingen.de\/Blog\/wp-content\/uploads\/2022\/06\/IMG_1405-1024x768.jpeg 1024w, https:\/\/www.feuerwehr-hetlingen.de\/Blog\/wp-content\/uploads\/2022\/06\/IMG_1405-300x225.jpeg 300w, https:\/\/www.feuerwehr-hetlingen.de\/Blog\/wp-content\/uploads\/2022\/06\/IMG_1405-768x576.jpeg 768w, https:\/\/www.feuerwehr-hetlingen.de\/Blog\/wp-content\/uploads\/2022\/06\/IMG_1405-200x150.jpeg 200w, https:\/\/www.feuerwehr-hetlingen.de\/Blog\/wp-content\/uploads\/2022\/06\/IMG_1405-150x113.jpeg 150w, https:\/\/www.feuerwehr-hetlingen.de\/Blog\/wp-content\/uploads\/2022\/06\/IMG_1405.jpeg 1280w\" sizes=\"auto, (max-width: 1024px) 100vw, 1024px\" \/><\/a><\/figure>\n\n\n\n<figure class=\"wp-block-image size-large\"><a href=\"https:\/\/www.feuerwehr-hetlingen.de\/Blog\/wp-content\/uploads\/2022\/06\/IMG_1407.jpeg\"><img loading=\"lazy\" decoding=\"async\" width=\"768\" height=\"1024\" data-id=\"3084\" src=\"https:\/\/www.feuerwehr-hetlingen.de\/Blog\/wp-content\/uploads\/2022\/06\/IMG_1407-768x1024.jpeg\" alt=\"\" class=\"wp-image-3084\" srcset=\"https:\/\/www.feuerwehr-hetlingen.de\/Blog\/wp-content\/uploads\/2022\/06\/IMG_1407-768x1024.jpeg 768w, https:\/\/www.feuerwehr-hetlingen.de\/Blog\/wp-content\/uploads\/2022\/06\/IMG_1407-225x300.jpeg 225w, https:\/\/www.feuerwehr-hetlingen.de\/Blog\/wp-content\/uploads\/2022\/06\/IMG_1407-113x150.jpeg 113w, https:\/\/www.feuerwehr-hetlingen.de\/Blog\/wp-content\/uploads\/2022\/06\/IMG_1407.jpeg 960w\" sizes=\"auto, (max-width: 768px) 100vw, 768px\" \/><\/a><\/figure>\n\n\n\n<figure class=\"wp-block-image size-large\"><a href=\"https:\/\/www.feuerwehr-hetlingen.de\/Blog\/wp-content\/uploads\/2022\/06\/IMG_1413.jpeg\"><img loading=\"lazy\" decoding=\"async\" width=\"1024\" height=\"768\" data-id=\"3085\" src=\"https:\/\/www.feuerwehr-hetlingen.de\/Blog\/wp-content\/uploads\/2022\/06\/IMG_1413-1024x768.jpeg\" alt=\"\" class=\"wp-image-3085\" srcset=\"https:\/\/www.feuerwehr-hetlingen.de\/Blog\/wp-content\/uploads\/2022\/06\/IMG_1413-1024x768.jpeg 1024w, https:\/\/www.feuerwehr-hetlingen.de\/Blog\/wp-content\/uploads\/2022\/06\/IMG_1413-300x225.jpeg 300w, https:\/\/www.feuerwehr-hetlingen.de\/Blog\/wp-content\/uploads\/2022\/06\/IMG_1413-768x576.jpeg 768w, https:\/\/www.feuerwehr-hetlingen.de\/Blog\/wp-content\/uploads\/2022\/06\/IMG_1413-200x150.jpeg 200w, https:\/\/www.feuerwehr-hetlingen.de\/Blog\/wp-content\/uploads\/2022\/06\/IMG_1413-150x113.jpeg 150w, https:\/\/www.feuerwehr-hetlingen.de\/Blog\/wp-content\/uploads\/2022\/06\/IMG_1413.jpeg 1280w\" sizes=\"auto, (max-width: 1024px) 100vw, 1024px\" \/><\/a><\/figure>\n\n\n\n<figure class=\"wp-block-image size-large\"><a href=\"https:\/\/www.feuerwehr-hetlingen.de\/Blog\/wp-content\/uploads\/2022\/06\/IMG_1418.jpeg\"><img loading=\"lazy\" decoding=\"async\" width=\"1024\" height=\"768\" data-id=\"3086\" src=\"https:\/\/www.feuerwehr-hetlingen.de\/Blog\/wp-content\/uploads\/2022\/06\/IMG_1418-1024x768.jpeg\" alt=\"\" class=\"wp-image-3086\" srcset=\"https:\/\/www.feuerwehr-hetlingen.de\/Blog\/wp-content\/uploads\/2022\/06\/IMG_1418-1024x768.jpeg 1024w, https:\/\/www.feuerwehr-hetlingen.de\/Blog\/wp-content\/uploads\/2022\/06\/IMG_1418-300x225.jpeg 300w, https:\/\/www.feuerwehr-hetlingen.de\/Blog\/wp-content\/uploads\/2022\/06\/IMG_1418-768x576.jpeg 768w, https:\/\/www.feuerwehr-hetlingen.de\/Blog\/wp-content\/uploads\/2022\/06\/IMG_1418-200x150.jpeg 200w, https:\/\/www.feuerwehr-hetlingen.de\/Blog\/wp-content\/uploads\/2022\/06\/IMG_1418-150x113.jpeg 150w, https:\/\/www.feuerwehr-hetlingen.de\/Blog\/wp-content\/uploads\/2022\/06\/IMG_1418.jpeg 1280w\" sizes=\"auto, (max-width: 1024px) 100vw, 1024px\" \/><\/a><\/figure>\n<\/figure>\n\n\n\n<p>Auch unsere <a href=\"https:\/\/www.ff-holm.de\/index.php\/die-feuerwehr\/jugendfeuerwehr\">Jugendfeuerwehr<\/a> war mit von der Partie. Sie unterst\u00fctzen uns bei der Betreuung der j\u00fcngeren G\u00e4ste. Zahlreiche kleine Brandsch\u00fctzer konnten ein Haus l\u00f6schen. Besonders beliebt bei den Kindern waren die H\u00fcpfburg und das Fahren mit dem Feuerwehrauto. Hier waren viele leuchtende Augen zu sehen. In einem mit Theaternebel verqualmten Zelt konnte mit der Jugendfeuerwehr die Rettung ge\u00fcbt werden. <\/p>\n\n\n\n<figure class=\"wp-block-gallery has-nested-images columns-default is-cropped wp-block-gallery-3 is-layout-flex wp-block-gallery-is-layout-flex\">\n<figure class=\"wp-block-image size-large\"><a href=\"https:\/\/www.feuerwehr-hetlingen.de\/Blog\/wp-content\/uploads\/2022\/06\/IMG_1422-Gross.jpeg\"><img loading=\"lazy\" decoding=\"async\" width=\"768\" height=\"1024\" data-id=\"3088\" src=\"https:\/\/www.feuerwehr-hetlingen.de\/Blog\/wp-content\/uploads\/2022\/06\/IMG_1422-Gross-768x1024.jpeg\" alt=\"\" class=\"wp-image-3088\" srcset=\"https:\/\/www.feuerwehr-hetlingen.de\/Blog\/wp-content\/uploads\/2022\/06\/IMG_1422-Gross-768x1024.jpeg 768w, https:\/\/www.feuerwehr-hetlingen.de\/Blog\/wp-content\/uploads\/2022\/06\/IMG_1422-Gross-225x300.jpeg 225w, https:\/\/www.feuerwehr-hetlingen.de\/Blog\/wp-content\/uploads\/2022\/06\/IMG_1422-Gross-113x150.jpeg 113w, https:\/\/www.feuerwehr-hetlingen.de\/Blog\/wp-content\/uploads\/2022\/06\/IMG_1422-Gross.jpeg 960w\" sizes=\"auto, (max-width: 768px) 100vw, 768px\" \/><\/a><\/figure>\n\n\n\n<figure class=\"wp-block-image size-large\"><a href=\"https:\/\/www.feuerwehr-hetlingen.de\/Blog\/wp-content\/uploads\/2022\/06\/IMG_1426-Gross.jpeg\"><img loading=\"lazy\" decoding=\"async\" width=\"1024\" height=\"768\" data-id=\"3089\" src=\"https:\/\/www.feuerwehr-hetlingen.de\/Blog\/wp-content\/uploads\/2022\/06\/IMG_1426-Gross-1024x768.jpeg\" alt=\"\" class=\"wp-image-3089\" srcset=\"https:\/\/www.feuerwehr-hetlingen.de\/Blog\/wp-content\/uploads\/2022\/06\/IMG_1426-Gross-1024x768.jpeg 1024w, https:\/\/www.feuerwehr-hetlingen.de\/Blog\/wp-content\/uploads\/2022\/06\/IMG_1426-Gross-300x225.jpeg 300w, https:\/\/www.feuerwehr-hetlingen.de\/Blog\/wp-content\/uploads\/2022\/06\/IMG_1426-Gross-768x576.jpeg 768w, https:\/\/www.feuerwehr-hetlingen.de\/Blog\/wp-content\/uploads\/2022\/06\/IMG_1426-Gross-200x150.jpeg 200w, https:\/\/www.feuerwehr-hetlingen.de\/Blog\/wp-content\/uploads\/2022\/06\/IMG_1426-Gross-150x113.jpeg 150w, https:\/\/www.feuerwehr-hetlingen.de\/Blog\/wp-content\/uploads\/2022\/06\/IMG_1426-Gross.jpeg 1280w\" sizes=\"auto, (max-width: 1024px) 100vw, 1024px\" \/><\/a><\/figure>\n\n\n\n<figure class=\"wp-block-image size-large\"><a href=\"https:\/\/www.feuerwehr-hetlingen.de\/Blog\/wp-content\/uploads\/2022\/06\/IMG_1420-Gross.jpeg\"><img loading=\"lazy\" decoding=\"async\" width=\"1024\" height=\"768\" data-id=\"3090\" src=\"https:\/\/www.feuerwehr-hetlingen.de\/Blog\/wp-content\/uploads\/2022\/06\/IMG_1420-Gross-1024x768.jpeg\" alt=\"\" class=\"wp-image-3090\" srcset=\"https:\/\/www.feuerwehr-hetlingen.de\/Blog\/wp-content\/uploads\/2022\/06\/IMG_1420-Gross-1024x768.jpeg 1024w, https:\/\/www.feuerwehr-hetlingen.de\/Blog\/wp-content\/uploads\/2022\/06\/IMG_1420-Gross-300x225.jpeg 300w, https:\/\/www.feuerwehr-hetlingen.de\/Blog\/wp-content\/uploads\/2022\/06\/IMG_1420-Gross-768x576.jpeg 768w, https:\/\/www.feuerwehr-hetlingen.de\/Blog\/wp-content\/uploads\/2022\/06\/IMG_1420-Gross-200x150.jpeg 200w, https:\/\/www.feuerwehr-hetlingen.de\/Blog\/wp-content\/uploads\/2022\/06\/IMG_1420-Gross-150x113.jpeg 150w, https:\/\/www.feuerwehr-hetlingen.de\/Blog\/wp-content\/uploads\/2022\/06\/IMG_1420-Gross.jpeg 1280w\" sizes=\"auto, (max-width: 1024px) 100vw, 1024px\" \/><\/a><\/figure>\n\n\n\n<figure class=\"wp-block-image size-large\"><a href=\"https:\/\/www.feuerwehr-hetlingen.de\/Blog\/wp-content\/uploads\/2022\/06\/huepfburg2022.jpg\"><img loading=\"lazy\" decoding=\"async\" width=\"768\" height=\"1024\" data-id=\"3102\" src=\"https:\/\/www.feuerwehr-hetlingen.de\/Blog\/wp-content\/uploads\/2022\/06\/huepfburg2022-768x1024.jpg\" alt=\"\" class=\"wp-image-3102\" srcset=\"https:\/\/www.feuerwehr-hetlingen.de\/Blog\/wp-content\/uploads\/2022\/06\/huepfburg2022-768x1024.jpg 768w, https:\/\/www.feuerwehr-hetlingen.de\/Blog\/wp-content\/uploads\/2022\/06\/huepfburg2022-225x300.jpg 225w, https:\/\/www.feuerwehr-hetlingen.de\/Blog\/wp-content\/uploads\/2022\/06\/huepfburg2022-1152x1536.jpg 1152w, https:\/\/www.feuerwehr-hetlingen.de\/Blog\/wp-content\/uploads\/2022\/06\/huepfburg2022-113x150.jpg 113w, https:\/\/www.feuerwehr-hetlingen.de\/Blog\/wp-content\/uploads\/2022\/06\/huepfburg2022.jpg 1200w\" sizes=\"auto, (max-width: 768px) 100vw, 768px\" \/><\/a><\/figure>\n<\/figure>\n\n\n\n<p class=\"has-text-align-center\">Wir bedanken uns bei allen Besucherinnen und Besuchern und freuen uns auf den n\u00e4chsten Tag der offenen T\u00fcr am Deich!<\/p>\n\n\n\n<figure class=\"wp-block-image size-large\"><a href=\"https:\/\/www.feuerwehr-hetlingen.de\/Blog\/wp-content\/uploads\/2022\/06\/tdotbanner-scaled.jpg\"><img loading=\"lazy\" decoding=\"async\" width=\"1024\" height=\"305\" src=\"https:\/\/www.feuerwehr-hetlingen.de\/Blog\/wp-content\/uploads\/2022\/06\/tdotbanner-1024x305.jpg\" alt=\"\" class=\"wp-image-3091\" srcset=\"https:\/\/www.feuerwehr-hetlingen.de\/Blog\/wp-content\/uploads\/2022\/06\/tdotbanner-1024x305.jpg 1024w, https:\/\/www.feuerwehr-hetlingen.de\/Blog\/wp-content\/uploads\/2022\/06\/tdotbanner-300x89.jpg 300w, https:\/\/www.feuerwehr-hetlingen.de\/Blog\/wp-content\/uploads\/2022\/06\/tdotbanner-768x229.jpg 768w, https:\/\/www.feuerwehr-hetlingen.de\/Blog\/wp-content\/uploads\/2022\/06\/tdotbanner-1536x457.jpg 1536w, https:\/\/www.feuerwehr-hetlingen.de\/Blog\/wp-content\/uploads\/2022\/06\/tdotbanner-2048x609.jpg 2048w, https:\/\/www.feuerwehr-hetlingen.de\/Blog\/wp-content\/uploads\/2022\/06\/tdotbanner-250x74.jpg 250w, https:\/\/www.feuerwehr-hetlingen.de\/Blog\/wp-content\/uploads\/2022\/06\/tdotbanner-150x45.jpg 150w\" sizes=\"auto, (max-width: 1024px) 100vw, 1024px\" \/><\/a><\/figure>\n","protected":false},"excerpt":{"rendered":"<p>Tag der offenen T\u00fcr bei der Freiwilligen Feuerwehr Hetlingen Bei bestem Sonnenschein veranstaltete die Freiwillige Feuerwehr Hetlingen nach 4 Jahren unfreiwilliger Pause wieder einen Tag&#8230; <a class=\"continue-reading-link\" href=\"https:\/\/www.feuerwehr-hetlingen.de\/Blog\/?p=3082\">Mehr<\/a><\/p>\n","protected":false},"author":1,"featured_media":3093,"comment_status":"closed","ping_status":"closed","sticky":false,"template":"","format":"standard","meta":{"footnotes":""},"categories":[47],"tags":[],"class_list":["post-3082","post","type-post","status-publish","format-standard","has-post-thumbnail","hentry","category-archiv-2022"],"_links":{"self":[{"href":"https:\/\/www.feuerwehr-hetlingen.de\/Blog\/index.php?rest_route=\/wp\/v2\/posts\/3082","targetHints":{"allow":["GET"]}}],"collection":[{"href":"https:\/\/www.feuerwehr-hetlingen.de\/Blog\/index.php?rest_route=\/wp\/v2\/posts"}],"about":[{"href":"https:\/\/www.feuerwehr-hetlingen.de\/Blog\/index.php?rest_route=\/wp\/v2\/types\/post"}],"author":[{"embeddable":true,"href":"https:\/\/www.feuerwehr-hetlingen.de\/Blog\/index.php?rest_route=\/wp\/v2\/users\/1"}],"replies":[{"embeddable":true,"href":"https:\/\/www.feuerwehr-hetlingen.de\/Blog\/index.php?rest_route=%2Fwp%2Fv2%2Fcomments&post=3082"}],"version-history":[{"count":8,"href":"https:\/\/www.feuerwehr-hetlingen.de\/Blog\/index.php?rest_route=\/wp\/v2\/posts\/3082\/revisions"}],"predecessor-version":[{"id":3110,"href":"https:\/\/www.feuerwehr-hetlingen.de\/Blog\/index.php?rest_route=\/wp\/v2\/posts\/3082\/revisions\/3110"}],"wp:featuredmedia":[{"embeddable":true,"href":"https:\/\/www.feuerwehr-hetlingen.de\/Blog\/index.php?rest_route=\/wp\/v2\/media\/3093"}],"wp:attachment":[{"href":"https:\/\/www.feuerwehr-hetlingen.de\/Blog\/index.php?rest_route=%2Fwp%2Fv2%2Fmedia&parent=3082"}],"wp:term":[{"taxonomy":"category","embeddable":true,"href":"https:\/\/www.feuerwehr-hetlingen.de\/Blog\/index.php?rest_route=%2Fwp%2Fv2%2Fcategories&post=3082"},{"taxonomy":"post_tag","embeddable":true,"href":"https:\/\/www.feuerwehr-hetlingen.de\/Blog\/index.php?rest_route=%2Fwp%2Fv2%2Ftags&post=3082"}],"curies":[{"name":"wp","href":"https:\/\/api.w.org\/{rel}","templated":true}]}}