{"id":3418,"date":"2023-03-27T19:48:11","date_gmt":"2023-03-27T17:48:11","guid":{"rendered":"https:\/\/www.feuerwehr-hetlingen.de\/Blog\/?p=3418"},"modified":"2023-04-09T09:24:53","modified_gmt":"2023-04-09T07:24:53","slug":"dienstabende-im-maerz","status":"publish","type":"post","link":"https:\/\/www.feuerwehr-hetlingen.de\/Blog\/?p=3418","title":{"rendered":"Dienstabende im M\u00e4rz"},"content":{"rendered":"\n<p>Im M\u00e4rz fanden zwei Dienstabende statt. Dabei ging es zuerst auf das Gel\u00e4nde des AZV, wo die Menschenrettung \u00fcber Leitern und der Umgang mit Tragen ge\u00fcbt wurde. <\/p>\n\n\n\n<figure class=\"wp-block-gallery has-nested-images columns-default is-cropped wp-block-gallery-1 is-layout-flex wp-block-gallery-is-layout-flex\">\n<figure class=\"wp-block-image size-large\"><a href=\"https:\/\/www.feuerwehr-hetlingen.de\/Blog\/wp-content\/uploads\/2023\/03\/PHOTO-2023-03-11-13-03-30-3.jpg\"><img loading=\"lazy\" decoding=\"async\" width=\"1024\" height=\"768\" data-id=\"3419\" src=\"https:\/\/www.feuerwehr-hetlingen.de\/Blog\/wp-content\/uploads\/2023\/03\/PHOTO-2023-03-11-13-03-30-3-1024x768.jpg\" alt=\"\" class=\"wp-image-3419\" srcset=\"https:\/\/www.feuerwehr-hetlingen.de\/Blog\/wp-content\/uploads\/2023\/03\/PHOTO-2023-03-11-13-03-30-3-1024x768.jpg 1024w, https:\/\/www.feuerwehr-hetlingen.de\/Blog\/wp-content\/uploads\/2023\/03\/PHOTO-2023-03-11-13-03-30-3-300x225.jpg 300w, https:\/\/www.feuerwehr-hetlingen.de\/Blog\/wp-content\/uploads\/2023\/03\/PHOTO-2023-03-11-13-03-30-3-768x576.jpg 768w, https:\/\/www.feuerwehr-hetlingen.de\/Blog\/wp-content\/uploads\/2023\/03\/PHOTO-2023-03-11-13-03-30-3-1536x1152.jpg 1536w, https:\/\/www.feuerwehr-hetlingen.de\/Blog\/wp-content\/uploads\/2023\/03\/PHOTO-2023-03-11-13-03-30-3-467x350.jpg 467w, https:\/\/www.feuerwehr-hetlingen.de\/Blog\/wp-content\/uploads\/2023\/03\/PHOTO-2023-03-11-13-03-30-3-150x113.jpg 150w, https:\/\/www.feuerwehr-hetlingen.de\/Blog\/wp-content\/uploads\/2023\/03\/PHOTO-2023-03-11-13-03-30-3.jpg 2000w\" sizes=\"auto, (max-width: 1024px) 100vw, 1024px\" \/><\/a><\/figure>\n\n\n\n<figure class=\"wp-block-image size-large\"><a href=\"https:\/\/www.feuerwehr-hetlingen.de\/Blog\/wp-content\/uploads\/2023\/03\/PHOTO-2023-03-11-13-03-31-3.jpg\"><img loading=\"lazy\" decoding=\"async\" width=\"768\" height=\"1024\" data-id=\"3420\" src=\"https:\/\/www.feuerwehr-hetlingen.de\/Blog\/wp-content\/uploads\/2023\/03\/PHOTO-2023-03-11-13-03-31-3-768x1024.jpg\" alt=\"\" class=\"wp-image-3420\" srcset=\"https:\/\/www.feuerwehr-hetlingen.de\/Blog\/wp-content\/uploads\/2023\/03\/PHOTO-2023-03-11-13-03-31-3-768x1024.jpg 768w, https:\/\/www.feuerwehr-hetlingen.de\/Blog\/wp-content\/uploads\/2023\/03\/PHOTO-2023-03-11-13-03-31-3-225x300.jpg 225w, https:\/\/www.feuerwehr-hetlingen.de\/Blog\/wp-content\/uploads\/2023\/03\/PHOTO-2023-03-11-13-03-31-3-1152x1536.jpg 1152w, https:\/\/www.feuerwehr-hetlingen.de\/Blog\/wp-content\/uploads\/2023\/03\/PHOTO-2023-03-11-13-03-31-3-263x350.jpg 263w, https:\/\/www.feuerwehr-hetlingen.de\/Blog\/wp-content\/uploads\/2023\/03\/PHOTO-2023-03-11-13-03-31-3-113x150.jpg 113w, https:\/\/www.feuerwehr-hetlingen.de\/Blog\/wp-content\/uploads\/2023\/03\/PHOTO-2023-03-11-13-03-31-3.jpg 1500w\" sizes=\"auto, (max-width: 768px) 100vw, 768px\" \/><\/a><\/figure>\n<figcaption class=\"blocks-gallery-caption wp-element-caption\">Bilder: Thomas Sparr<\/figcaption><\/figure>\n\n\n\n<p>Der zweite Dienstabend war eine besondere \u00dcbung. Als Abschluss des ersten Feuerwehrlehrgangs (Truppfrau\/Truppmann Teil 1) wurde gemeinsam mit der Feuerwehr Holm eine gro\u00dfe \u00dcbung gefahren. Die \u00dcbung fand im Neubaugebiet in der Klaus-Groth Stra\u00dfe statt und war ein voller Erfolg. Alle Lehrgangsteilnehmer aus Holm und Hetlingen konnten das frisch Erlernte zeigen. Im Anschluss an die \u00dcbung wurden feierlich die Feuerwehrmelder und Helme verteilt. Die neuen Kameradinnen und Kameraden werden zuk\u00fcnftig bei Eins\u00e4tzen mit ausr\u00fccken. Wir gratulieren!<\/p>\n\n\n\n<figure class=\"wp-block-gallery has-nested-images columns-default is-cropped wp-block-gallery-2 is-layout-flex wp-block-gallery-is-layout-flex\">\n<figure class=\"wp-block-image size-large\"><a href=\"https:\/\/www.feuerwehr-hetlingen.de\/Blog\/wp-content\/uploads\/2023\/03\/Gross-IMG_2320.jpeg\"><img loading=\"lazy\" decoding=\"async\" width=\"1024\" height=\"768\" data-id=\"3421\" src=\"https:\/\/www.feuerwehr-hetlingen.de\/Blog\/wp-content\/uploads\/2023\/03\/Gross-IMG_2320-1024x768.jpeg\" alt=\"\" class=\"wp-image-3421\" srcset=\"https:\/\/www.feuerwehr-hetlingen.de\/Blog\/wp-content\/uploads\/2023\/03\/Gross-IMG_2320-1024x768.jpeg 1024w, https:\/\/www.feuerwehr-hetlingen.de\/Blog\/wp-content\/uploads\/2023\/03\/Gross-IMG_2320-300x225.jpeg 300w, https:\/\/www.feuerwehr-hetlingen.de\/Blog\/wp-content\/uploads\/2023\/03\/Gross-IMG_2320-768x576.jpeg 768w, https:\/\/www.feuerwehr-hetlingen.de\/Blog\/wp-content\/uploads\/2023\/03\/Gross-IMG_2320-467x350.jpeg 467w, https:\/\/www.feuerwehr-hetlingen.de\/Blog\/wp-content\/uploads\/2023\/03\/Gross-IMG_2320-150x113.jpeg 150w, https:\/\/www.feuerwehr-hetlingen.de\/Blog\/wp-content\/uploads\/2023\/03\/Gross-IMG_2320.jpeg 1280w\" sizes=\"auto, (max-width: 1024px) 100vw, 1024px\" \/><\/a><\/figure>\n\n\n\n<figure class=\"wp-block-image size-large\"><a href=\"https:\/\/www.feuerwehr-hetlingen.de\/Blog\/wp-content\/uploads\/2023\/03\/Gross-IMG_2324.jpeg\"><img loading=\"lazy\" decoding=\"async\" width=\"1024\" height=\"768\" data-id=\"3422\" src=\"https:\/\/www.feuerwehr-hetlingen.de\/Blog\/wp-content\/uploads\/2023\/03\/Gross-IMG_2324-1024x768.jpeg\" alt=\"\" class=\"wp-image-3422\" srcset=\"https:\/\/www.feuerwehr-hetlingen.de\/Blog\/wp-content\/uploads\/2023\/03\/Gross-IMG_2324-1024x768.jpeg 1024w, https:\/\/www.feuerwehr-hetlingen.de\/Blog\/wp-content\/uploads\/2023\/03\/Gross-IMG_2324-300x225.jpeg 300w, https:\/\/www.feuerwehr-hetlingen.de\/Blog\/wp-content\/uploads\/2023\/03\/Gross-IMG_2324-768x576.jpeg 768w, https:\/\/www.feuerwehr-hetlingen.de\/Blog\/wp-content\/uploads\/2023\/03\/Gross-IMG_2324-467x350.jpeg 467w, https:\/\/www.feuerwehr-hetlingen.de\/Blog\/wp-content\/uploads\/2023\/03\/Gross-IMG_2324-150x113.jpeg 150w, https:\/\/www.feuerwehr-hetlingen.de\/Blog\/wp-content\/uploads\/2023\/03\/Gross-IMG_2324.jpeg 1280w\" sizes=\"auto, (max-width: 1024px) 100vw, 1024px\" \/><\/a><\/figure>\n\n\n\n<figure class=\"wp-block-image size-large\"><a href=\"https:\/\/www.feuerwehr-hetlingen.de\/Blog\/wp-content\/uploads\/2023\/03\/Gross-IMG_2361.jpeg\"><img loading=\"lazy\" decoding=\"async\" width=\"1024\" height=\"768\" data-id=\"3424\" src=\"https:\/\/www.feuerwehr-hetlingen.de\/Blog\/wp-content\/uploads\/2023\/03\/Gross-IMG_2361-1024x768.jpeg\" alt=\"\" class=\"wp-image-3424\" srcset=\"https:\/\/www.feuerwehr-hetlingen.de\/Blog\/wp-content\/uploads\/2023\/03\/Gross-IMG_2361-1024x768.jpeg 1024w, https:\/\/www.feuerwehr-hetlingen.de\/Blog\/wp-content\/uploads\/2023\/03\/Gross-IMG_2361-300x225.jpeg 300w, https:\/\/www.feuerwehr-hetlingen.de\/Blog\/wp-content\/uploads\/2023\/03\/Gross-IMG_2361-768x576.jpeg 768w, https:\/\/www.feuerwehr-hetlingen.de\/Blog\/wp-content\/uploads\/2023\/03\/Gross-IMG_2361-467x350.jpeg 467w, https:\/\/www.feuerwehr-hetlingen.de\/Blog\/wp-content\/uploads\/2023\/03\/Gross-IMG_2361-150x113.jpeg 150w, https:\/\/www.feuerwehr-hetlingen.de\/Blog\/wp-content\/uploads\/2023\/03\/Gross-IMG_2361.jpeg 1280w\" sizes=\"auto, (max-width: 1024px) 100vw, 1024px\" \/><\/a><\/figure>\n\n\n\n<figure class=\"wp-block-image size-large\"><a href=\"https:\/\/www.feuerwehr-hetlingen.de\/Blog\/wp-content\/uploads\/2023\/03\/Gross-IMG_2393.jpeg\"><img loading=\"lazy\" decoding=\"async\" width=\"1024\" height=\"768\" data-id=\"3423\" src=\"https:\/\/www.feuerwehr-hetlingen.de\/Blog\/wp-content\/uploads\/2023\/03\/Gross-IMG_2393-1024x768.jpeg\" alt=\"\" class=\"wp-image-3423\" srcset=\"https:\/\/www.feuerwehr-hetlingen.de\/Blog\/wp-content\/uploads\/2023\/03\/Gross-IMG_2393-1024x768.jpeg 1024w, https:\/\/www.feuerwehr-hetlingen.de\/Blog\/wp-content\/uploads\/2023\/03\/Gross-IMG_2393-300x225.jpeg 300w, https:\/\/www.feuerwehr-hetlingen.de\/Blog\/wp-content\/uploads\/2023\/03\/Gross-IMG_2393-768x576.jpeg 768w, https:\/\/www.feuerwehr-hetlingen.de\/Blog\/wp-content\/uploads\/2023\/03\/Gross-IMG_2393-467x350.jpeg 467w, https:\/\/www.feuerwehr-hetlingen.de\/Blog\/wp-content\/uploads\/2023\/03\/Gross-IMG_2393-150x113.jpeg 150w, https:\/\/www.feuerwehr-hetlingen.de\/Blog\/wp-content\/uploads\/2023\/03\/Gross-IMG_2393.jpeg 1280w\" sizes=\"auto, (max-width: 1024px) 100vw, 1024px\" \/><\/a><\/figure>\n<figcaption class=\"blocks-gallery-caption wp-element-caption\">Bilder: W.-O. Krohn<\/figcaption><\/figure>\n","protected":false},"excerpt":{"rendered":"<p>Im M\u00e4rz fanden zwei Dienstabende statt. Dabei ging es zuerst auf das Gel\u00e4nde des AZV, wo die Menschenrettung \u00fcber Leitern und der Umgang mit Tragen ge\u00fcbt&#8230; <a class=\"continue-reading-link\" href=\"https:\/\/www.feuerwehr-hetlingen.de\/Blog\/?p=3418\">Mehr<\/a><\/p>\n","protected":false},"author":1,"featured_media":3431,"comment_status":"closed","ping_status":"closed","sticky":false,"template":"","format":"standard","meta":{"footnotes":""},"categories":[10],"tags":[],"class_list":["post-3418","post","type-post","status-publish","format-standard","has-post-thumbnail","hentry","category-ff-hetlingen"],"_links":{"self":[{"href":"https:\/\/www.feuerwehr-hetlingen.de\/Blog\/index.php?rest_route=\/wp\/v2\/posts\/3418","targetHints":{"allow":["GET"]}}],"collection":[{"href":"https:\/\/www.feuerwehr-hetlingen.de\/Blog\/index.php?rest_route=\/wp\/v2\/posts"}],"about":[{"href":"https:\/\/www.feuerwehr-hetlingen.de\/Blog\/index.php?rest_route=\/wp\/v2\/types\/post"}],"author":[{"embeddable":true,"href":"https:\/\/www.feuerwehr-hetlingen.de\/Blog\/index.php?rest_route=\/wp\/v2\/users\/1"}],"replies":[{"embeddable":true,"href":"https:\/\/www.feuerwehr-hetlingen.de\/Blog\/index.php?rest_route=%2Fwp%2Fv2%2Fcomments&post=3418"}],"version-history":[{"count":5,"href":"https:\/\/www.feuerwehr-hetlingen.de\/Blog\/index.php?rest_route=\/wp\/v2\/posts\/3418\/revisions"}],"predecessor-version":[{"id":3492,"href":"https:\/\/www.feuerwehr-hetlingen.de\/Blog\/index.php?rest_route=\/wp\/v2\/posts\/3418\/revisions\/3492"}],"wp:featuredmedia":[{"embeddable":true,"href":"https:\/\/www.feuerwehr-hetlingen.de\/Blog\/index.php?rest_route=\/wp\/v2\/media\/3431"}],"wp:attachment":[{"href":"https:\/\/www.feuerwehr-hetlingen.de\/Blog\/index.php?rest_route=%2Fwp%2Fv2%2Fmedia&parent=3418"}],"wp:term":[{"taxonomy":"category","embeddable":true,"href":"https:\/\/www.feuerwehr-hetlingen.de\/Blog\/index.php?rest_route=%2Fwp%2Fv2%2Fcategories&post=3418"},{"taxonomy":"post_tag","embeddable":true,"href":"https:\/\/www.feuerwehr-hetlingen.de\/Blog\/index.php?rest_route=%2Fwp%2Fv2%2Ftags&post=3418"}],"curies":[{"name":"wp","href":"https:\/\/api.w.org\/{rel}","templated":true}]}}