{"id":3551,"date":"2023-06-07T15:16:14","date_gmt":"2023-06-07T13:16:14","guid":{"rendered":"https:\/\/www.feuerwehr-hetlingen.de\/Blog\/?p=3551"},"modified":"2023-06-17T15:27:41","modified_gmt":"2023-06-17T13:27:41","slug":"pfingstuebung-der-jugendfeuerwehr","status":"publish","type":"post","link":"https:\/\/www.feuerwehr-hetlingen.de\/Blog\/?p=3551","title":{"rendered":"Pfingst\u00fcbung der Jugendfeuerwehr"},"content":{"rendered":"\n<p>Da in diesem Jahr kein Pfingszeltlager stattfindet, \u00fcbten die <a href=\"https:\/\/www.feuerwehr-hetlingen.de\/Blog\/?page_id=243\">Jugendfeuerwehren Holm, Hetlingen <\/a>und <a href=\"https:\/\/www.wedel.de\/rathaus-politik\/kommunale-betriebe\/freiwillige-feuerwehr\/jugendfeuerwehr\">Wedel<\/a> in der Feuerwache Holm den Einsatzdienst. Zahlreiche kleine und gr\u00f6\u00dfere \u00dcbungseins\u00e4tze waren rund um die Uhr zu bew\u00e4ltigen. Wie im echten Leben wussten die &#8222;Einsatzkr\u00e4fte&#8220; nicht vorher, wann der n\u00e4chste Alarm ausgel\u00f6st w\u00fcrde oder welcher \u00dcbungseinsatz sie erwarten w\u00fcrde.<\/p>\n\n\n\n<p>Wie die Holmer Organisatoren <a href=\"https:\/\/www.ff-holm.de\">schreiben<\/a> gab es &#8222;vom Verkehrsunfall, der ber\u00fchmten Katze auf dem Baum, einer Personensuche an der Elbe, \u00fcber eine virtuell brennende Pfanne bis zum gro\u00dfen L\u00f6scheinsatz&#8220; alle m\u00f6glichen realit\u00e4tsnahen Szenarien f\u00fcr die Nachwuchsfeuerwehrleute.<\/p>\n\n\n\n<p>\u00dcbernachtet wurde in der Holmer Wache, wo auch f\u00fcr das leibliche Wohl gesorgt wurde. Wir m\u00f6chten uns an dieser Stelle erneut f\u00fcr die gro\u00dfartige Zusammenarbeit und die tolle Vorbereitung der \u00dcbung bei allen beteiligten Betreuerinnen und Feuerwehrleuten aus den drei Wehren bedanken!<\/p>\n\n\n\n<figure class=\"wp-block-gallery has-nested-images columns-default is-cropped wp-block-gallery-1 is-layout-flex wp-block-gallery-is-layout-flex\">\n<figure class=\"wp-block-image size-large\"><a href=\"https:\/\/www.feuerwehr-hetlingen.de\/Blog\/wp-content\/uploads\/2023\/06\/5d9100ac-e93b-4b27-a067-194fb193e46e.jpg\"><img loading=\"lazy\" decoding=\"async\" width=\"1024\" height=\"576\" data-id=\"3552\" src=\"https:\/\/www.feuerwehr-hetlingen.de\/Blog\/wp-content\/uploads\/2023\/06\/5d9100ac-e93b-4b27-a067-194fb193e46e-1024x576.jpg\" alt=\"\" class=\"wp-image-3552\" srcset=\"https:\/\/www.feuerwehr-hetlingen.de\/Blog\/wp-content\/uploads\/2023\/06\/5d9100ac-e93b-4b27-a067-194fb193e46e-1024x576.jpg 1024w, https:\/\/www.feuerwehr-hetlingen.de\/Blog\/wp-content\/uploads\/2023\/06\/5d9100ac-e93b-4b27-a067-194fb193e46e-300x169.jpg 300w, https:\/\/www.feuerwehr-hetlingen.de\/Blog\/wp-content\/uploads\/2023\/06\/5d9100ac-e93b-4b27-a067-194fb193e46e-768x432.jpg 768w, https:\/\/www.feuerwehr-hetlingen.de\/Blog\/wp-content\/uploads\/2023\/06\/5d9100ac-e93b-4b27-a067-194fb193e46e-1536x864.jpg 1536w, https:\/\/www.feuerwehr-hetlingen.de\/Blog\/wp-content\/uploads\/2023\/06\/5d9100ac-e93b-4b27-a067-194fb193e46e-622x350.jpg 622w, https:\/\/www.feuerwehr-hetlingen.de\/Blog\/wp-content\/uploads\/2023\/06\/5d9100ac-e93b-4b27-a067-194fb193e46e-150x84.jpg 150w, https:\/\/www.feuerwehr-hetlingen.de\/Blog\/wp-content\/uploads\/2023\/06\/5d9100ac-e93b-4b27-a067-194fb193e46e.jpg 1920w\" sizes=\"auto, (max-width: 1024px) 100vw, 1024px\" \/><\/a><\/figure>\n\n\n\n<figure class=\"wp-block-image size-large\"><a href=\"https:\/\/www.feuerwehr-hetlingen.de\/Blog\/wp-content\/uploads\/2023\/06\/8f0f05cf-aa10-41bd-933e-f48d8f2587c6.jpg\"><img loading=\"lazy\" decoding=\"async\" width=\"768\" height=\"1024\" data-id=\"3553\" src=\"https:\/\/www.feuerwehr-hetlingen.de\/Blog\/wp-content\/uploads\/2023\/06\/8f0f05cf-aa10-41bd-933e-f48d8f2587c6-768x1024.jpg\" alt=\"\" class=\"wp-image-3553\" srcset=\"https:\/\/www.feuerwehr-hetlingen.de\/Blog\/wp-content\/uploads\/2023\/06\/8f0f05cf-aa10-41bd-933e-f48d8f2587c6-768x1024.jpg 768w, https:\/\/www.feuerwehr-hetlingen.de\/Blog\/wp-content\/uploads\/2023\/06\/8f0f05cf-aa10-41bd-933e-f48d8f2587c6-225x300.jpg 225w, https:\/\/www.feuerwehr-hetlingen.de\/Blog\/wp-content\/uploads\/2023\/06\/8f0f05cf-aa10-41bd-933e-f48d8f2587c6-1152x1536.jpg 1152w, https:\/\/www.feuerwehr-hetlingen.de\/Blog\/wp-content\/uploads\/2023\/06\/8f0f05cf-aa10-41bd-933e-f48d8f2587c6-263x350.jpg 263w, https:\/\/www.feuerwehr-hetlingen.de\/Blog\/wp-content\/uploads\/2023\/06\/8f0f05cf-aa10-41bd-933e-f48d8f2587c6-113x150.jpg 113w, https:\/\/www.feuerwehr-hetlingen.de\/Blog\/wp-content\/uploads\/2023\/06\/8f0f05cf-aa10-41bd-933e-f48d8f2587c6.jpg 1500w\" sizes=\"auto, (max-width: 768px) 100vw, 768px\" \/><\/a><\/figure>\n\n\n\n<figure class=\"wp-block-image size-large\"><a href=\"https:\/\/www.feuerwehr-hetlingen.de\/Blog\/wp-content\/uploads\/2023\/06\/PHOTO-2023-06-03-08-49-10-3.jpg\"><img loading=\"lazy\" decoding=\"async\" width=\"1024\" height=\"768\" data-id=\"3554\" src=\"https:\/\/www.feuerwehr-hetlingen.de\/Blog\/wp-content\/uploads\/2023\/06\/PHOTO-2023-06-03-08-49-10-3.jpg\" alt=\"\" class=\"wp-image-3554\" srcset=\"https:\/\/www.feuerwehr-hetlingen.de\/Blog\/wp-content\/uploads\/2023\/06\/PHOTO-2023-06-03-08-49-10-3.jpg 1024w, https:\/\/www.feuerwehr-hetlingen.de\/Blog\/wp-content\/uploads\/2023\/06\/PHOTO-2023-06-03-08-49-10-3-300x225.jpg 300w, https:\/\/www.feuerwehr-hetlingen.de\/Blog\/wp-content\/uploads\/2023\/06\/PHOTO-2023-06-03-08-49-10-3-768x576.jpg 768w, https:\/\/www.feuerwehr-hetlingen.de\/Blog\/wp-content\/uploads\/2023\/06\/PHOTO-2023-06-03-08-49-10-3-467x350.jpg 467w, https:\/\/www.feuerwehr-hetlingen.de\/Blog\/wp-content\/uploads\/2023\/06\/PHOTO-2023-06-03-08-49-10-3-150x113.jpg 150w\" sizes=\"auto, (max-width: 1024px) 100vw, 1024px\" \/><\/a><\/figure>\n\n\n\n<figure class=\"wp-block-image size-large\"><a href=\"https:\/\/www.feuerwehr-hetlingen.de\/Blog\/wp-content\/uploads\/2023\/06\/PHOTO-2023-06-03-08-49-10-4.jpg\"><img loading=\"lazy\" decoding=\"async\" width=\"768\" height=\"1024\" data-id=\"3557\" src=\"https:\/\/www.feuerwehr-hetlingen.de\/Blog\/wp-content\/uploads\/2023\/06\/PHOTO-2023-06-03-08-49-10-4.jpg\" alt=\"\" class=\"wp-image-3557\" srcset=\"https:\/\/www.feuerwehr-hetlingen.de\/Blog\/wp-content\/uploads\/2023\/06\/PHOTO-2023-06-03-08-49-10-4.jpg 768w, https:\/\/www.feuerwehr-hetlingen.de\/Blog\/wp-content\/uploads\/2023\/06\/PHOTO-2023-06-03-08-49-10-4-225x300.jpg 225w, https:\/\/www.feuerwehr-hetlingen.de\/Blog\/wp-content\/uploads\/2023\/06\/PHOTO-2023-06-03-08-49-10-4-263x350.jpg 263w, https:\/\/www.feuerwehr-hetlingen.de\/Blog\/wp-content\/uploads\/2023\/06\/PHOTO-2023-06-03-08-49-10-4-113x150.jpg 113w\" sizes=\"auto, (max-width: 768px) 100vw, 768px\" \/><\/a><\/figure>\n\n\n\n<figure class=\"wp-block-image size-large\"><a href=\"https:\/\/www.feuerwehr-hetlingen.de\/Blog\/wp-content\/uploads\/2023\/06\/PHOTO-2023-06-03-08-49-10-6.jpg\"><img loading=\"lazy\" decoding=\"async\" width=\"1024\" height=\"768\" data-id=\"3555\" src=\"https:\/\/www.feuerwehr-hetlingen.de\/Blog\/wp-content\/uploads\/2023\/06\/PHOTO-2023-06-03-08-49-10-6.jpg\" alt=\"\" class=\"wp-image-3555\" srcset=\"https:\/\/www.feuerwehr-hetlingen.de\/Blog\/wp-content\/uploads\/2023\/06\/PHOTO-2023-06-03-08-49-10-6.jpg 1024w, https:\/\/www.feuerwehr-hetlingen.de\/Blog\/wp-content\/uploads\/2023\/06\/PHOTO-2023-06-03-08-49-10-6-300x225.jpg 300w, https:\/\/www.feuerwehr-hetlingen.de\/Blog\/wp-content\/uploads\/2023\/06\/PHOTO-2023-06-03-08-49-10-6-768x576.jpg 768w, https:\/\/www.feuerwehr-hetlingen.de\/Blog\/wp-content\/uploads\/2023\/06\/PHOTO-2023-06-03-08-49-10-6-467x350.jpg 467w, https:\/\/www.feuerwehr-hetlingen.de\/Blog\/wp-content\/uploads\/2023\/06\/PHOTO-2023-06-03-08-49-10-6-150x113.jpg 150w\" sizes=\"auto, (max-width: 1024px) 100vw, 1024px\" \/><\/a><\/figure>\n\n\n\n<figure class=\"wp-block-image size-large\"><a href=\"https:\/\/www.feuerwehr-hetlingen.de\/Blog\/wp-content\/uploads\/2023\/06\/PHOTO-2023-06-03-08-49-10-10.jpg\"><img loading=\"lazy\" decoding=\"async\" width=\"768\" height=\"1024\" data-id=\"3556\" src=\"https:\/\/www.feuerwehr-hetlingen.de\/Blog\/wp-content\/uploads\/2023\/06\/PHOTO-2023-06-03-08-49-10-10.jpg\" alt=\"\" class=\"wp-image-3556\" srcset=\"https:\/\/www.feuerwehr-hetlingen.de\/Blog\/wp-content\/uploads\/2023\/06\/PHOTO-2023-06-03-08-49-10-10.jpg 768w, https:\/\/www.feuerwehr-hetlingen.de\/Blog\/wp-content\/uploads\/2023\/06\/PHOTO-2023-06-03-08-49-10-10-225x300.jpg 225w, https:\/\/www.feuerwehr-hetlingen.de\/Blog\/wp-content\/uploads\/2023\/06\/PHOTO-2023-06-03-08-49-10-10-263x350.jpg 263w, https:\/\/www.feuerwehr-hetlingen.de\/Blog\/wp-content\/uploads\/2023\/06\/PHOTO-2023-06-03-08-49-10-10-113x150.jpg 113w\" sizes=\"auto, (max-width: 768px) 100vw, 768px\" \/><\/a><\/figure>\n<\/figure>\n","protected":false},"excerpt":{"rendered":"<p>Da in diesem Jahr kein Pfingszeltlager stattfindet, \u00fcbten die Jugendfeuerwehren Holm, Hetlingen und Wedel in der Feuerwache Holm den Einsatzdienst.  <a class=\"continue-reading-link\" href=\"https:\/\/www.feuerwehr-hetlingen.de\/Blog\/?p=3551\">Mehr<\/a><\/p>\n","protected":false},"author":1,"featured_media":3554,"comment_status":"closed","ping_status":"closed","sticky":false,"template":"","format":"standard","meta":{"footnotes":""},"categories":[10],"tags":[],"class_list":["post-3551","post","type-post","status-publish","format-standard","has-post-thumbnail","hentry","category-ff-hetlingen"],"_links":{"self":[{"href":"https:\/\/www.feuerwehr-hetlingen.de\/Blog\/index.php?rest_route=\/wp\/v2\/posts\/3551","targetHints":{"allow":["GET"]}}],"collection":[{"href":"https:\/\/www.feuerwehr-hetlingen.de\/Blog\/index.php?rest_route=\/wp\/v2\/posts"}],"about":[{"href":"https:\/\/www.feuerwehr-hetlingen.de\/Blog\/index.php?rest_route=\/wp\/v2\/types\/post"}],"author":[{"embeddable":true,"href":"https:\/\/www.feuerwehr-hetlingen.de\/Blog\/index.php?rest_route=\/wp\/v2\/users\/1"}],"replies":[{"embeddable":true,"href":"https:\/\/www.feuerwehr-hetlingen.de\/Blog\/index.php?rest_route=%2Fwp%2Fv2%2Fcomments&post=3551"}],"version-history":[{"count":1,"href":"https:\/\/www.feuerwehr-hetlingen.de\/Blog\/index.php?rest_route=\/wp\/v2\/posts\/3551\/revisions"}],"predecessor-version":[{"id":3558,"href":"https:\/\/www.feuerwehr-hetlingen.de\/Blog\/index.php?rest_route=\/wp\/v2\/posts\/3551\/revisions\/3558"}],"wp:featuredmedia":[{"embeddable":true,"href":"https:\/\/www.feuerwehr-hetlingen.de\/Blog\/index.php?rest_route=\/wp\/v2\/media\/3554"}],"wp:attachment":[{"href":"https:\/\/www.feuerwehr-hetlingen.de\/Blog\/index.php?rest_route=%2Fwp%2Fv2%2Fmedia&parent=3551"}],"wp:term":[{"taxonomy":"category","embeddable":true,"href":"https:\/\/www.feuerwehr-hetlingen.de\/Blog\/index.php?rest_route=%2Fwp%2Fv2%2Fcategories&post=3551"},{"taxonomy":"post_tag","embeddable":true,"href":"https:\/\/www.feuerwehr-hetlingen.de\/Blog\/index.php?rest_route=%2Fwp%2Fv2%2Ftags&post=3551"}],"curies":[{"name":"wp","href":"https:\/\/api.w.org\/{rel}","templated":true}]}}