{"id":3992,"date":"2024-06-04T20:53:38","date_gmt":"2024-06-04T18:53:38","guid":{"rendered":"https:\/\/www.feuerwehr-hetlingen.de\/Blog\/?p=3992"},"modified":"2024-06-05T09:14:38","modified_gmt":"2024-06-05T07:14:38","slug":"tag-der-offenen-tuer-sonntag-den-30-06-2024","status":"publish","type":"post","link":"https:\/\/www.feuerwehr-hetlingen.de\/Blog\/?p=3992","title":{"rendered":"Tag Der offenen T\u00fcr \u2013 Sonntag den 30.06.2024"},"content":{"rendered":"\n<p>Liebe Leserinnen und Leser,<\/p>\n\n\n\n<p>Ende Juni ist es wieder soweit. Am 30.06.2024 von 11.00 bis 16.00 Uhr \u00f6ffnen wir unsere Tore und hei\u00dfen euch in und um das Ger\u00e4tehaus herzlich willkommen.<\/p>\n\n\n\n<p>Der Tag ist gespickt mit spannenden Vorf\u00fchrungen und Besichtigungen. F\u00fcr die Kinder gibt es eine H\u00fcpfburg und tolle Spiele, an deren Ende eine Belohnung wartet.<\/p>\n\n\n\n<p>Nat\u00fcrlich ist auch f\u00fcr das leibliche Wohl gesorgt:<br>-Es gibt Bratwurst und Pommes.<br>-Kaffee und Kuchen<br>-kalte und warme Getr\u00e4nke<\/p>\n\n\n\n<p>Wir freuen uns auf Euren Besuch und w\u00fcnschen Euch einen sch\u00f6nen und spannenden Tag.<\/p>\n\n\n\n<p>Eure Freiwillige Feuerwehr Hetlingen????<\/p>\n\n\n\n<figure class=\"wp-block-image size-large\"><a href=\"https:\/\/www.feuerwehr-hetlingen.de\/Blog\/wp-content\/uploads\/2024\/06\/TofTag-2024.png\"><img loading=\"lazy\" decoding=\"async\" width=\"1024\" height=\"722\" src=\"https:\/\/www.feuerwehr-hetlingen.de\/Blog\/wp-content\/uploads\/2024\/06\/TofTag-2024-1024x722.png\" alt=\"\" class=\"wp-image-3993\" srcset=\"https:\/\/www.feuerwehr-hetlingen.de\/Blog\/wp-content\/uploads\/2024\/06\/TofTag-2024-1024x722.png 1024w, https:\/\/www.feuerwehr-hetlingen.de\/Blog\/wp-content\/uploads\/2024\/06\/TofTag-2024-300x211.png 300w, https:\/\/www.feuerwehr-hetlingen.de\/Blog\/wp-content\/uploads\/2024\/06\/TofTag-2024-768x541.png 768w, https:\/\/www.feuerwehr-hetlingen.de\/Blog\/wp-content\/uploads\/2024\/06\/TofTag-2024-497x350.png 497w, https:\/\/www.feuerwehr-hetlingen.de\/Blog\/wp-content\/uploads\/2024\/06\/TofTag-2024-150x106.png 150w, https:\/\/www.feuerwehr-hetlingen.de\/Blog\/wp-content\/uploads\/2024\/06\/TofTag-2024.png 1121w\" sizes=\"auto, (max-width: 1024px) 100vw, 1024px\" \/><\/a><\/figure>\n","protected":false},"excerpt":{"rendered":"<p>Liebe Leserinnen und Leser, Ende Juni ist es wieder soweit. Am 30.06.2024 von 11.00 bis 16.00 Uhr \u00f6ffnen wir unsere Tore und hei\u00dfen euch in&#8230; <a class=\"continue-reading-link\" href=\"https:\/\/www.feuerwehr-hetlingen.de\/Blog\/?p=3992\">Mehr<\/a><\/p>\n","protected":false},"author":3,"featured_media":0,"comment_status":"closed","ping_status":"closed","sticky":false,"template":"","format":"standard","meta":{"footnotes":"[]"},"categories":[10],"tags":[],"class_list":["post-3992","post","type-post","status-publish","format-standard","hentry","category-ff-hetlingen"],"_links":{"self":[{"href":"https:\/\/www.feuerwehr-hetlingen.de\/Blog\/index.php?rest_route=\/wp\/v2\/posts\/3992","targetHints":{"allow":["GET"]}}],"collection":[{"href":"https:\/\/www.feuerwehr-hetlingen.de\/Blog\/index.php?rest_route=\/wp\/v2\/posts"}],"about":[{"href":"https:\/\/www.feuerwehr-hetlingen.de\/Blog\/index.php?rest_route=\/wp\/v2\/types\/post"}],"author":[{"embeddable":true,"href":"https:\/\/www.feuerwehr-hetlingen.de\/Blog\/index.php?rest_route=\/wp\/v2\/users\/3"}],"replies":[{"embeddable":true,"href":"https:\/\/www.feuerwehr-hetlingen.de\/Blog\/index.php?rest_route=%2Fwp%2Fv2%2Fcomments&post=3992"}],"version-history":[{"count":2,"href":"https:\/\/www.feuerwehr-hetlingen.de\/Blog\/index.php?rest_route=\/wp\/v2\/posts\/3992\/revisions"}],"predecessor-version":[{"id":3995,"href":"https:\/\/www.feuerwehr-hetlingen.de\/Blog\/index.php?rest_route=\/wp\/v2\/posts\/3992\/revisions\/3995"}],"wp:attachment":[{"href":"https:\/\/www.feuerwehr-hetlingen.de\/Blog\/index.php?rest_route=%2Fwp%2Fv2%2Fmedia&parent=3992"}],"wp:term":[{"taxonomy":"category","embeddable":true,"href":"https:\/\/www.feuerwehr-hetlingen.de\/Blog\/index.php?rest_route=%2Fwp%2Fv2%2Fcategories&post=3992"},{"taxonomy":"post_tag","embeddable":true,"href":"https:\/\/www.feuerwehr-hetlingen.de\/Blog\/index.php?rest_route=%2Fwp%2Fv2%2Ftags&post=3992"}],"curies":[{"name":"wp","href":"https:\/\/api.w.org\/{rel}","templated":true}]}}