{"id":4122,"date":"2025-03-30T19:01:23","date_gmt":"2025-03-30T17:01:23","guid":{"rendered":"https:\/\/www.feuerwehr-hetlingen.de\/Blog\/?p=4122"},"modified":"2025-03-30T19:02:16","modified_gmt":"2025-03-30T17:02:16","slug":"weber-rescueteam-training","status":"publish","type":"post","link":"https:\/\/www.feuerwehr-hetlingen.de\/Blog\/?p=4122","title":{"rendered":"Weber Rescueteam Training"},"content":{"rendered":"\n<p>Am Samstag den 29.03.2025 war es wieder soweit. Einige unserer Kameradinnen und Kameraden nahmen am Weber Rescueteam Training zur patientengerechten Rettung aus PKW teil. Diese Schulung f\u00fchren wir einmal alle zwei Jahre durch, um den praktischen Umgang mit unserem technischen Ger\u00e4t bei Verkehrsunf\u00e4llen m\u00f6glichst realit\u00e4tsnah zu festigen. F\u00fcr dieses Training wurden zwei schrottreife PKWs besorgt, die vor dem praktischen Teil mit einem Bagger deformiert wurden, um die Realit\u00e4tsn\u00e4he eines Unfalls zu erhalten.<\/p>\n\n\n\n<p>Der Tag begann mit einer theoretischen Einweisung im Ger\u00e4tehaus, danach ging es auf ein Privatgel\u00e4nde, wo gefahrlos an den Fahrzeugen gearbeitet werden konnte. Wir \u00fcbten den Umgang mit der hydraulischen Schere, dem hydraulischen Spreizer und den hydraulischen Rettungszylindern in verschiedenen Gr\u00f6\u00dfen. Au\u00dferdem das Sichern eines Fahrzeuges mit verschiedenen Mitteln.<\/p>\n\n\n\n<figure class=\"wp-block-gallery has-nested-images columns-default is-cropped wp-block-gallery-1 is-layout-flex wp-block-gallery-is-layout-flex\">\n<figure class=\"wp-block-image size-large\"><a href=\"https:\/\/www.feuerwehr-hetlingen.de\/Blog\/wp-content\/uploads\/2025\/03\/WhatsApp-Image-2025-03-29-at-16.35.27-scaled.jpeg\"><img loading=\"lazy\" decoding=\"async\" width=\"576\" height=\"1024\" data-id=\"4125\" src=\"https:\/\/www.feuerwehr-hetlingen.de\/Blog\/wp-content\/uploads\/2025\/03\/WhatsApp-Image-2025-03-29-at-16.35.27-576x1024.jpeg\" alt=\"\" class=\"wp-image-4125\" srcset=\"https:\/\/www.feuerwehr-hetlingen.de\/Blog\/wp-content\/uploads\/2025\/03\/WhatsApp-Image-2025-03-29-at-16.35.27-576x1024.jpeg 576w, https:\/\/www.feuerwehr-hetlingen.de\/Blog\/wp-content\/uploads\/2025\/03\/WhatsApp-Image-2025-03-29-at-16.35.27-169x300.jpeg 169w, https:\/\/www.feuerwehr-hetlingen.de\/Blog\/wp-content\/uploads\/2025\/03\/WhatsApp-Image-2025-03-29-at-16.35.27-768x1365.jpeg 768w, https:\/\/www.feuerwehr-hetlingen.de\/Blog\/wp-content\/uploads\/2025\/03\/WhatsApp-Image-2025-03-29-at-16.35.27-864x1536.jpeg 864w, https:\/\/www.feuerwehr-hetlingen.de\/Blog\/wp-content\/uploads\/2025\/03\/WhatsApp-Image-2025-03-29-at-16.35.27-1152x2048.jpeg 1152w, https:\/\/www.feuerwehr-hetlingen.de\/Blog\/wp-content\/uploads\/2025\/03\/WhatsApp-Image-2025-03-29-at-16.35.27-197x350.jpeg 197w, https:\/\/www.feuerwehr-hetlingen.de\/Blog\/wp-content\/uploads\/2025\/03\/WhatsApp-Image-2025-03-29-at-16.35.27-84x150.jpeg 84w, https:\/\/www.feuerwehr-hetlingen.de\/Blog\/wp-content\/uploads\/2025\/03\/WhatsApp-Image-2025-03-29-at-16.35.27-scaled.jpeg 1440w\" sizes=\"auto, (max-width: 576px) 100vw, 576px\" \/><\/a><\/figure>\n\n\n\n<figure class=\"wp-block-image size-large\"><a href=\"https:\/\/www.feuerwehr-hetlingen.de\/Blog\/wp-content\/uploads\/2025\/03\/WhatsApp-Image-2025-03-29-at-16.34.23-scaled.jpeg\"><img loading=\"lazy\" decoding=\"async\" width=\"576\" height=\"1024\" data-id=\"4126\" src=\"https:\/\/www.feuerwehr-hetlingen.de\/Blog\/wp-content\/uploads\/2025\/03\/WhatsApp-Image-2025-03-29-at-16.34.23-576x1024.jpeg\" alt=\"\" class=\"wp-image-4126\" srcset=\"https:\/\/www.feuerwehr-hetlingen.de\/Blog\/wp-content\/uploads\/2025\/03\/WhatsApp-Image-2025-03-29-at-16.34.23-576x1024.jpeg 576w, https:\/\/www.feuerwehr-hetlingen.de\/Blog\/wp-content\/uploads\/2025\/03\/WhatsApp-Image-2025-03-29-at-16.34.23-169x300.jpeg 169w, https:\/\/www.feuerwehr-hetlingen.de\/Blog\/wp-content\/uploads\/2025\/03\/WhatsApp-Image-2025-03-29-at-16.34.23-768x1365.jpeg 768w, https:\/\/www.feuerwehr-hetlingen.de\/Blog\/wp-content\/uploads\/2025\/03\/WhatsApp-Image-2025-03-29-at-16.34.23-864x1536.jpeg 864w, https:\/\/www.feuerwehr-hetlingen.de\/Blog\/wp-content\/uploads\/2025\/03\/WhatsApp-Image-2025-03-29-at-16.34.23-1152x2048.jpeg 1152w, https:\/\/www.feuerwehr-hetlingen.de\/Blog\/wp-content\/uploads\/2025\/03\/WhatsApp-Image-2025-03-29-at-16.34.23-197x350.jpeg 197w, https:\/\/www.feuerwehr-hetlingen.de\/Blog\/wp-content\/uploads\/2025\/03\/WhatsApp-Image-2025-03-29-at-16.34.23-84x150.jpeg 84w, https:\/\/www.feuerwehr-hetlingen.de\/Blog\/wp-content\/uploads\/2025\/03\/WhatsApp-Image-2025-03-29-at-16.34.23-scaled.jpeg 1440w\" sizes=\"auto, (max-width: 576px) 100vw, 576px\" \/><\/a><\/figure>\n\n\n\n<figure class=\"wp-block-image size-large\"><a href=\"https:\/\/www.feuerwehr-hetlingen.de\/Blog\/wp-content\/uploads\/2025\/03\/WhatsApp-Image-2025-03-29-at-16.34.17-scaled.jpeg\"><img loading=\"lazy\" decoding=\"async\" width=\"576\" height=\"1024\" data-id=\"4124\" src=\"https:\/\/www.feuerwehr-hetlingen.de\/Blog\/wp-content\/uploads\/2025\/03\/WhatsApp-Image-2025-03-29-at-16.34.17-576x1024.jpeg\" alt=\"\" class=\"wp-image-4124\" srcset=\"https:\/\/www.feuerwehr-hetlingen.de\/Blog\/wp-content\/uploads\/2025\/03\/WhatsApp-Image-2025-03-29-at-16.34.17-576x1024.jpeg 576w, https:\/\/www.feuerwehr-hetlingen.de\/Blog\/wp-content\/uploads\/2025\/03\/WhatsApp-Image-2025-03-29-at-16.34.17-169x300.jpeg 169w, https:\/\/www.feuerwehr-hetlingen.de\/Blog\/wp-content\/uploads\/2025\/03\/WhatsApp-Image-2025-03-29-at-16.34.17-768x1365.jpeg 768w, https:\/\/www.feuerwehr-hetlingen.de\/Blog\/wp-content\/uploads\/2025\/03\/WhatsApp-Image-2025-03-29-at-16.34.17-864x1536.jpeg 864w, https:\/\/www.feuerwehr-hetlingen.de\/Blog\/wp-content\/uploads\/2025\/03\/WhatsApp-Image-2025-03-29-at-16.34.17-1152x2048.jpeg 1152w, https:\/\/www.feuerwehr-hetlingen.de\/Blog\/wp-content\/uploads\/2025\/03\/WhatsApp-Image-2025-03-29-at-16.34.17-197x350.jpeg 197w, https:\/\/www.feuerwehr-hetlingen.de\/Blog\/wp-content\/uploads\/2025\/03\/WhatsApp-Image-2025-03-29-at-16.34.17-84x150.jpeg 84w, https:\/\/www.feuerwehr-hetlingen.de\/Blog\/wp-content\/uploads\/2025\/03\/WhatsApp-Image-2025-03-29-at-16.34.17-scaled.jpeg 1440w\" sizes=\"auto, (max-width: 576px) 100vw, 576px\" \/><\/a><\/figure>\n\n\n\n<figure class=\"wp-block-image size-large\"><a href=\"https:\/\/www.feuerwehr-hetlingen.de\/Blog\/wp-content\/uploads\/2025\/03\/WhatsApp-Image-2025-03-29-at-16.34.22-2-scaled.jpeg\"><img loading=\"lazy\" decoding=\"async\" width=\"576\" height=\"1024\" data-id=\"4128\" src=\"https:\/\/www.feuerwehr-hetlingen.de\/Blog\/wp-content\/uploads\/2025\/03\/WhatsApp-Image-2025-03-29-at-16.34.22-2-576x1024.jpeg\" alt=\"\" class=\"wp-image-4128\" srcset=\"https:\/\/www.feuerwehr-hetlingen.de\/Blog\/wp-content\/uploads\/2025\/03\/WhatsApp-Image-2025-03-29-at-16.34.22-2-576x1024.jpeg 576w, https:\/\/www.feuerwehr-hetlingen.de\/Blog\/wp-content\/uploads\/2025\/03\/WhatsApp-Image-2025-03-29-at-16.34.22-2-169x300.jpeg 169w, https:\/\/www.feuerwehr-hetlingen.de\/Blog\/wp-content\/uploads\/2025\/03\/WhatsApp-Image-2025-03-29-at-16.34.22-2-768x1365.jpeg 768w, https:\/\/www.feuerwehr-hetlingen.de\/Blog\/wp-content\/uploads\/2025\/03\/WhatsApp-Image-2025-03-29-at-16.34.22-2-864x1536.jpeg 864w, https:\/\/www.feuerwehr-hetlingen.de\/Blog\/wp-content\/uploads\/2025\/03\/WhatsApp-Image-2025-03-29-at-16.34.22-2-1152x2048.jpeg 1152w, https:\/\/www.feuerwehr-hetlingen.de\/Blog\/wp-content\/uploads\/2025\/03\/WhatsApp-Image-2025-03-29-at-16.34.22-2-197x350.jpeg 197w, https:\/\/www.feuerwehr-hetlingen.de\/Blog\/wp-content\/uploads\/2025\/03\/WhatsApp-Image-2025-03-29-at-16.34.22-2-84x150.jpeg 84w, https:\/\/www.feuerwehr-hetlingen.de\/Blog\/wp-content\/uploads\/2025\/03\/WhatsApp-Image-2025-03-29-at-16.34.22-2-scaled.jpeg 1440w\" sizes=\"auto, (max-width: 576px) 100vw, 576px\" \/><\/a><\/figure>\n\n\n\n<figure class=\"wp-block-image size-large\"><a href=\"https:\/\/www.feuerwehr-hetlingen.de\/Blog\/wp-content\/uploads\/2025\/03\/WhatsApp-Image-2025-03-29-at-16.35.25-scaled.jpeg\"><img loading=\"lazy\" decoding=\"async\" width=\"576\" height=\"1024\" data-id=\"4123\" src=\"https:\/\/www.feuerwehr-hetlingen.de\/Blog\/wp-content\/uploads\/2025\/03\/WhatsApp-Image-2025-03-29-at-16.35.25-576x1024.jpeg\" alt=\"\" class=\"wp-image-4123\" srcset=\"https:\/\/www.feuerwehr-hetlingen.de\/Blog\/wp-content\/uploads\/2025\/03\/WhatsApp-Image-2025-03-29-at-16.35.25-576x1024.jpeg 576w, https:\/\/www.feuerwehr-hetlingen.de\/Blog\/wp-content\/uploads\/2025\/03\/WhatsApp-Image-2025-03-29-at-16.35.25-169x300.jpeg 169w, https:\/\/www.feuerwehr-hetlingen.de\/Blog\/wp-content\/uploads\/2025\/03\/WhatsApp-Image-2025-03-29-at-16.35.25-768x1365.jpeg 768w, https:\/\/www.feuerwehr-hetlingen.de\/Blog\/wp-content\/uploads\/2025\/03\/WhatsApp-Image-2025-03-29-at-16.35.25-864x1536.jpeg 864w, https:\/\/www.feuerwehr-hetlingen.de\/Blog\/wp-content\/uploads\/2025\/03\/WhatsApp-Image-2025-03-29-at-16.35.25-1152x2048.jpeg 1152w, https:\/\/www.feuerwehr-hetlingen.de\/Blog\/wp-content\/uploads\/2025\/03\/WhatsApp-Image-2025-03-29-at-16.35.25-197x350.jpeg 197w, https:\/\/www.feuerwehr-hetlingen.de\/Blog\/wp-content\/uploads\/2025\/03\/WhatsApp-Image-2025-03-29-at-16.35.25-84x150.jpeg 84w, https:\/\/www.feuerwehr-hetlingen.de\/Blog\/wp-content\/uploads\/2025\/03\/WhatsApp-Image-2025-03-29-at-16.35.25-scaled.jpeg 1440w\" sizes=\"auto, (max-width: 576px) 100vw, 576px\" \/><\/a><\/figure>\n\n\n\n<figure class=\"wp-block-image size-large\"><a href=\"https:\/\/www.feuerwehr-hetlingen.de\/Blog\/wp-content\/uploads\/2025\/03\/WhatsApp-Image-2025-03-29-at-16.35.26-1-scaled.jpeg\"><img loading=\"lazy\" decoding=\"async\" width=\"576\" height=\"1024\" data-id=\"4127\" src=\"https:\/\/www.feuerwehr-hetlingen.de\/Blog\/wp-content\/uploads\/2025\/03\/WhatsApp-Image-2025-03-29-at-16.35.26-1-576x1024.jpeg\" alt=\"\" class=\"wp-image-4127\" srcset=\"https:\/\/www.feuerwehr-hetlingen.de\/Blog\/wp-content\/uploads\/2025\/03\/WhatsApp-Image-2025-03-29-at-16.35.26-1-576x1024.jpeg 576w, https:\/\/www.feuerwehr-hetlingen.de\/Blog\/wp-content\/uploads\/2025\/03\/WhatsApp-Image-2025-03-29-at-16.35.26-1-169x300.jpeg 169w, https:\/\/www.feuerwehr-hetlingen.de\/Blog\/wp-content\/uploads\/2025\/03\/WhatsApp-Image-2025-03-29-at-16.35.26-1-768x1365.jpeg 768w, https:\/\/www.feuerwehr-hetlingen.de\/Blog\/wp-content\/uploads\/2025\/03\/WhatsApp-Image-2025-03-29-at-16.35.26-1-864x1536.jpeg 864w, https:\/\/www.feuerwehr-hetlingen.de\/Blog\/wp-content\/uploads\/2025\/03\/WhatsApp-Image-2025-03-29-at-16.35.26-1-1152x2048.jpeg 1152w, https:\/\/www.feuerwehr-hetlingen.de\/Blog\/wp-content\/uploads\/2025\/03\/WhatsApp-Image-2025-03-29-at-16.35.26-1-197x350.jpeg 197w, https:\/\/www.feuerwehr-hetlingen.de\/Blog\/wp-content\/uploads\/2025\/03\/WhatsApp-Image-2025-03-29-at-16.35.26-1-84x150.jpeg 84w, https:\/\/www.feuerwehr-hetlingen.de\/Blog\/wp-content\/uploads\/2025\/03\/WhatsApp-Image-2025-03-29-at-16.35.26-1-scaled.jpeg 1440w\" sizes=\"auto, (max-width: 576px) 100vw, 576px\" \/><\/a><\/figure>\n<\/figure>\n\n\n\n<p>Das Hauptaugenmerk lag jedoch auf den verschiedenen Techniken und M\u00f6glichkeiten einer patientengerechten Rettung.<\/p>\n\n\n\n<p>Unsere Kameradinnen und Kameraden hatten an diesem Tag viel Spa\u00df und konnten ihre F\u00e4higkeiten vertiefen und erweitern.<\/p>\n","protected":false},"excerpt":{"rendered":"<p>Der Tag begann mit einer theoretischen Einweisung im Ger\u00e4tehaus, danach ging es auf ein Privatgel\u00e4nde, wo gefahrlos an den Fahrzeugen gearbeitet werden konnte. Wir \u00fcbten den Umgang mit der &#8230; <a class=\"continue-reading-link\" href=\"https:\/\/www.feuerwehr-hetlingen.de\/Blog\/?p=4122\">Mehr<\/a><\/p>\n","protected":false},"author":3,"featured_media":4126,"comment_status":"closed","ping_status":"closed","sticky":false,"template":"","format":"standard","meta":{"footnotes":""},"categories":[10],"tags":[],"class_list":["post-4122","post","type-post","status-publish","format-standard","has-post-thumbnail","hentry","category-ff-hetlingen"],"_links":{"self":[{"href":"https:\/\/www.feuerwehr-hetlingen.de\/Blog\/index.php?rest_route=\/wp\/v2\/posts\/4122","targetHints":{"allow":["GET"]}}],"collection":[{"href":"https:\/\/www.feuerwehr-hetlingen.de\/Blog\/index.php?rest_route=\/wp\/v2\/posts"}],"about":[{"href":"https:\/\/www.feuerwehr-hetlingen.de\/Blog\/index.php?rest_route=\/wp\/v2\/types\/post"}],"author":[{"embeddable":true,"href":"https:\/\/www.feuerwehr-hetlingen.de\/Blog\/index.php?rest_route=\/wp\/v2\/users\/3"}],"replies":[{"embeddable":true,"href":"https:\/\/www.feuerwehr-hetlingen.de\/Blog\/index.php?rest_route=%2Fwp%2Fv2%2Fcomments&post=4122"}],"version-history":[{"count":2,"href":"https:\/\/www.feuerwehr-hetlingen.de\/Blog\/index.php?rest_route=\/wp\/v2\/posts\/4122\/revisions"}],"predecessor-version":[{"id":4130,"href":"https:\/\/www.feuerwehr-hetlingen.de\/Blog\/index.php?rest_route=\/wp\/v2\/posts\/4122\/revisions\/4130"}],"wp:featuredmedia":[{"embeddable":true,"href":"https:\/\/www.feuerwehr-hetlingen.de\/Blog\/index.php?rest_route=\/wp\/v2\/media\/4126"}],"wp:attachment":[{"href":"https:\/\/www.feuerwehr-hetlingen.de\/Blog\/index.php?rest_route=%2Fwp%2Fv2%2Fmedia&parent=4122"}],"wp:term":[{"taxonomy":"category","embeddable":true,"href":"https:\/\/www.feuerwehr-hetlingen.de\/Blog\/index.php?rest_route=%2Fwp%2Fv2%2Fcategories&post=4122"},{"taxonomy":"post_tag","embeddable":true,"href":"https:\/\/www.feuerwehr-hetlingen.de\/Blog\/index.php?rest_route=%2Fwp%2Fv2%2Ftags&post=4122"}],"curies":[{"name":"wp","href":"https:\/\/api.w.org\/{rel}","templated":true}]}}