{"id":4233,"date":"2025-11-30T19:20:20","date_gmt":"2025-11-30T17:20:20","guid":{"rendered":"https:\/\/www.feuerwehr-hetlingen.de\/Blog\/?p=4233"},"modified":"2025-11-30T19:20:20","modified_gmt":"2025-11-30T17:20:20","slug":"adventskaffeetrinken-des-kfv","status":"publish","type":"post","link":"https:\/\/www.feuerwehr-hetlingen.de\/Blog\/?p=4233","title":{"rendered":"Adventskaffeetrinken des KFV"},"content":{"rendered":"\n<p>Am 3. Januar 2026 j\u00e4hrt sich der Tag der Sturmflut und des Deichbruchs in der Haseldorfer Marsch zum 50. Mal. Aus diesem Anlass fand am 29. November 2025 das diesj\u00e4hrige Adventskaffeetrinken der ehemaligen Wehrf\u00fchrer und Fachwarte des Kreisfeuerwehrverbandes des Kreises Pinneberg in Hetlingen statt. Es wurden Reden gehalten, es gab Berichte von Zeitzeugen und der Musikzug der Feuerwehr Seesterm\u00fche spielte ebenfalls. W\u00e4hrenddessen servierte das Hetlinger DRK Kaffee und Kuchen und es wurde sich ausgiebig unterhalten und ausgetauscht.<\/p>\n\n\n\n<p>Wir haben uns gefreut, der diesj\u00e4hrige Gastgeber sein zu d\u00fcrfen, und hoffen, dass alle einen sch\u00f6nen Nachmittag hatten.<\/p>\n\n\n\n<figure class=\"wp-block-gallery has-nested-images columns-default is-cropped wp-block-gallery-1 is-layout-flex wp-block-gallery-is-layout-flex\">\n<figure class=\"wp-block-image size-large\"><a href=\"https:\/\/www.feuerwehr-hetlingen.de\/Blog\/wp-content\/uploads\/2025\/11\/KFV1.png\"><img loading=\"lazy\" decoding=\"async\" width=\"819\" height=\"1024\" data-id=\"4234\" src=\"https:\/\/www.feuerwehr-hetlingen.de\/Blog\/wp-content\/uploads\/2025\/11\/KFV1-819x1024.png\" alt=\"\" class=\"wp-image-4234\" srcset=\"https:\/\/www.feuerwehr-hetlingen.de\/Blog\/wp-content\/uploads\/2025\/11\/KFV1-819x1024.png 819w, https:\/\/www.feuerwehr-hetlingen.de\/Blog\/wp-content\/uploads\/2025\/11\/KFV1-240x300.png 240w, https:\/\/www.feuerwehr-hetlingen.de\/Blog\/wp-content\/uploads\/2025\/11\/KFV1-768x960.png 768w, https:\/\/www.feuerwehr-hetlingen.de\/Blog\/wp-content\/uploads\/2025\/11\/KFV1-280x350.png 280w, https:\/\/www.feuerwehr-hetlingen.de\/Blog\/wp-content\/uploads\/2025\/11\/KFV1-120x150.png 120w, https:\/\/www.feuerwehr-hetlingen.de\/Blog\/wp-content\/uploads\/2025\/11\/KFV1.png 1080w\" sizes=\"auto, (max-width: 819px) 100vw, 819px\" \/><\/a><\/figure>\n\n\n\n<figure class=\"wp-block-image size-large\"><a href=\"https:\/\/www.feuerwehr-hetlingen.de\/Blog\/wp-content\/uploads\/2025\/11\/KFV2.png\"><img loading=\"lazy\" decoding=\"async\" width=\"819\" height=\"1024\" data-id=\"4235\" src=\"https:\/\/www.feuerwehr-hetlingen.de\/Blog\/wp-content\/uploads\/2025\/11\/KFV2-819x1024.png\" alt=\"\" class=\"wp-image-4235\" srcset=\"https:\/\/www.feuerwehr-hetlingen.de\/Blog\/wp-content\/uploads\/2025\/11\/KFV2-819x1024.png 819w, https:\/\/www.feuerwehr-hetlingen.de\/Blog\/wp-content\/uploads\/2025\/11\/KFV2-240x300.png 240w, https:\/\/www.feuerwehr-hetlingen.de\/Blog\/wp-content\/uploads\/2025\/11\/KFV2-768x960.png 768w, https:\/\/www.feuerwehr-hetlingen.de\/Blog\/wp-content\/uploads\/2025\/11\/KFV2-280x350.png 280w, https:\/\/www.feuerwehr-hetlingen.de\/Blog\/wp-content\/uploads\/2025\/11\/KFV2-120x150.png 120w, https:\/\/www.feuerwehr-hetlingen.de\/Blog\/wp-content\/uploads\/2025\/11\/KFV2.png 1080w\" sizes=\"auto, (max-width: 819px) 100vw, 819px\" \/><\/a><\/figure>\n\n\n\n<figure class=\"wp-block-image size-large\"><a href=\"https:\/\/www.feuerwehr-hetlingen.de\/Blog\/wp-content\/uploads\/2025\/11\/KFV3.png\"><img loading=\"lazy\" decoding=\"async\" width=\"819\" height=\"1024\" data-id=\"4236\" src=\"https:\/\/www.feuerwehr-hetlingen.de\/Blog\/wp-content\/uploads\/2025\/11\/KFV3-819x1024.png\" alt=\"\" class=\"wp-image-4236\" srcset=\"https:\/\/www.feuerwehr-hetlingen.de\/Blog\/wp-content\/uploads\/2025\/11\/KFV3-819x1024.png 819w, https:\/\/www.feuerwehr-hetlingen.de\/Blog\/wp-content\/uploads\/2025\/11\/KFV3-240x300.png 240w, https:\/\/www.feuerwehr-hetlingen.de\/Blog\/wp-content\/uploads\/2025\/11\/KFV3-768x960.png 768w, https:\/\/www.feuerwehr-hetlingen.de\/Blog\/wp-content\/uploads\/2025\/11\/KFV3-280x350.png 280w, https:\/\/www.feuerwehr-hetlingen.de\/Blog\/wp-content\/uploads\/2025\/11\/KFV3-120x150.png 120w, https:\/\/www.feuerwehr-hetlingen.de\/Blog\/wp-content\/uploads\/2025\/11\/KFV3.png 1080w\" sizes=\"auto, (max-width: 819px) 100vw, 819px\" \/><\/a><\/figure>\n<\/figure>\n","protected":false},"excerpt":{"rendered":"<p>Am 3. Januar 2026 j\u00e4hrt sich der Tag der Sturmflut und des Deichbruchs in der Haseldorfer Marsch zum 50. Mal. Aus diesem Anlass fand am&#8230; <a class=\"continue-reading-link\" href=\"https:\/\/www.feuerwehr-hetlingen.de\/Blog\/?p=4233\">Mehr<\/a><\/p>\n","protected":false},"author":3,"featured_media":0,"comment_status":"closed","ping_status":"closed","sticky":false,"template":"","format":"standard","meta":{"footnotes":""},"categories":[10],"tags":[],"class_list":["post-4233","post","type-post","status-publish","format-standard","hentry","category-ff-hetlingen"],"_links":{"self":[{"href":"https:\/\/www.feuerwehr-hetlingen.de\/Blog\/index.php?rest_route=\/wp\/v2\/posts\/4233","targetHints":{"allow":["GET"]}}],"collection":[{"href":"https:\/\/www.feuerwehr-hetlingen.de\/Blog\/index.php?rest_route=\/wp\/v2\/posts"}],"about":[{"href":"https:\/\/www.feuerwehr-hetlingen.de\/Blog\/index.php?rest_route=\/wp\/v2\/types\/post"}],"author":[{"embeddable":true,"href":"https:\/\/www.feuerwehr-hetlingen.de\/Blog\/index.php?rest_route=\/wp\/v2\/users\/3"}],"replies":[{"embeddable":true,"href":"https:\/\/www.feuerwehr-hetlingen.de\/Blog\/index.php?rest_route=%2Fwp%2Fv2%2Fcomments&post=4233"}],"version-history":[{"count":1,"href":"https:\/\/www.feuerwehr-hetlingen.de\/Blog\/index.php?rest_route=\/wp\/v2\/posts\/4233\/revisions"}],"predecessor-version":[{"id":4237,"href":"https:\/\/www.feuerwehr-hetlingen.de\/Blog\/index.php?rest_route=\/wp\/v2\/posts\/4233\/revisions\/4237"}],"wp:attachment":[{"href":"https:\/\/www.feuerwehr-hetlingen.de\/Blog\/index.php?rest_route=%2Fwp%2Fv2%2Fmedia&parent=4233"}],"wp:term":[{"taxonomy":"category","embeddable":true,"href":"https:\/\/www.feuerwehr-hetlingen.de\/Blog\/index.php?rest_route=%2Fwp%2Fv2%2Fcategories&post=4233"},{"taxonomy":"post_tag","embeddable":true,"href":"https:\/\/www.feuerwehr-hetlingen.de\/Blog\/index.php?rest_route=%2Fwp%2Fv2%2Ftags&post=4233"}],"curies":[{"name":"wp","href":"https:\/\/api.w.org\/{rel}","templated":true}]}}