{"id":487,"date":"2013-06-05T22:30:53","date_gmt":"2013-06-05T20:30:53","guid":{"rendered":"http:\/\/www.feuerwehr-hetlingen.de\/Blog\/?p=487"},"modified":"2014-03-16T10:14:40","modified_gmt":"2014-03-16T08:14:40","slug":"05-06-2013-einsatz-nr-7-alarmubung","status":"publish","type":"post","link":"https:\/\/www.feuerwehr-hetlingen.de\/Blog\/?p=487","title":{"rendered":"05.06.2013 Einsatz Nr. 7 &#8211; Alarm\u00c3\u00bcbung"},"content":{"rendered":"<p>Am Abend wurde Vollalarm ausgel\u00c3\u00b6st. Ein Verkehrunfall mit einem Gefahrguttransporter habe sich ereignet. Es seien Menschen eingeklemmt. Zum Gl\u00c3\u00bcck stellte sich die Alarmierung als \u00c3\u0153bung heraus. Trotzdem stellte die Lage, auch unter \u00c3\u0153bungsbedingungen, eine gro\u00c3\u0178e Herausforderung dar.<\/p>\n<p><a href=\"http:\/\/www.feuerwehr-hetlingen.de\/bilder\/2013_Alarmuebung\/Alarmuebung1.jpg\"><img decoding=\"async\" src=\"http:\/\/www.feuerwehr-hetlingen.de\/bilder\/2013_Alarmuebung\/Alarmuebung1s.jpg\" alt=\"\" \/><\/a> <a href=\"http:\/\/www.feuerwehr-hetlingen.de\/bilder\/2013_Alarmuebung\/Alarmuebung2.jpg\"><img decoding=\"async\" src=\"http:\/\/www.feuerwehr-hetlingen.de\/bilder\/2013_Alarmuebung\/Alarmuebung2s.jpg\" alt=\"\" \/><\/a><\/p>\n<p>(Anmerkung: Die auf dem ersten Bild im Vordergrund sichtbaren gelben Schaummittelkanister kommen im \u00c3\u0153bungsbetrieb nicht zum Einsatz)<\/p>\n<p>Alarmierung: DME, Sirene<\/p>\n<p>Eingesetzte Kr\u00c3\u00a4fte: FF Hetlingen (HLF 20\/16, LF 8\/6)<\/p>\n<p>Einsatzdauer: 19:59h \u00e2\u20ac\u201c ~22:00h<\/p>\n","protected":false},"excerpt":{"rendered":"<p>Am Abend wurde Vollalarm ausgel\u00c3\u00b6st. Ein Verkehrunfall mit einem Gefahrguttransporter habe sich ereignet. Es seien Menschen eingeklemmt. Zum Gl\u00c3\u00bcck stellte sich die Alarmierung als \u00c3\u0153bung&#8230; <a class=\"continue-reading-link\" href=\"https:\/\/www.feuerwehr-hetlingen.de\/Blog\/?p=487\">Mehr<\/a><\/p>\n","protected":false},"author":1,"featured_media":0,"comment_status":"closed","ping_status":"closed","sticky":false,"template":"","format":"standard","meta":{"footnotes":""},"categories":[24,12,2,13],"tags":[],"class_list":["post-487","post","type-post","status-publish","format-standard","hentry","category-24","category-archiv","category-einsatze","category-ff-hetlingen-2"],"_links":{"self":[{"href":"https:\/\/www.feuerwehr-hetlingen.de\/Blog\/index.php?rest_route=\/wp\/v2\/posts\/487","targetHints":{"allow":["GET"]}}],"collection":[{"href":"https:\/\/www.feuerwehr-hetlingen.de\/Blog\/index.php?rest_route=\/wp\/v2\/posts"}],"about":[{"href":"https:\/\/www.feuerwehr-hetlingen.de\/Blog\/index.php?rest_route=\/wp\/v2\/types\/post"}],"author":[{"embeddable":true,"href":"https:\/\/www.feuerwehr-hetlingen.de\/Blog\/index.php?rest_route=\/wp\/v2\/users\/1"}],"replies":[{"embeddable":true,"href":"https:\/\/www.feuerwehr-hetlingen.de\/Blog\/index.php?rest_route=%2Fwp%2Fv2%2Fcomments&post=487"}],"version-history":[{"count":4,"href":"https:\/\/www.feuerwehr-hetlingen.de\/Blog\/index.php?rest_route=\/wp\/v2\/posts\/487\/revisions"}],"predecessor-version":[{"id":489,"href":"https:\/\/www.feuerwehr-hetlingen.de\/Blog\/index.php?rest_route=\/wp\/v2\/posts\/487\/revisions\/489"}],"wp:attachment":[{"href":"https:\/\/www.feuerwehr-hetlingen.de\/Blog\/index.php?rest_route=%2Fwp%2Fv2%2Fmedia&parent=487"}],"wp:term":[{"taxonomy":"category","embeddable":true,"href":"https:\/\/www.feuerwehr-hetlingen.de\/Blog\/index.php?rest_route=%2Fwp%2Fv2%2Fcategories&post=487"},{"taxonomy":"post_tag","embeddable":true,"href":"https:\/\/www.feuerwehr-hetlingen.de\/Blog\/index.php?rest_route=%2Fwp%2Fv2%2Ftags&post=487"}],"curies":[{"name":"wp","href":"https:\/\/api.w.org\/{rel}","templated":true}]}}