{"id":576,"date":"2013-12-04T20:08:57","date_gmt":"2013-12-04T18:08:57","guid":{"rendered":"http:\/\/www.feuerwehr-hetlingen.de\/Blog\/?p=576"},"modified":"2014-11-02T12:08:07","modified_gmt":"2014-11-02T10:08:07","slug":"sicherheitstipps-fuer-orkan-xaver-am-donnerstag-05-12-13","status":"publish","type":"post","link":"https:\/\/www.feuerwehr-hetlingen.de\/Blog\/?p=576","title":{"rendered":"Sicherheitstipps f\u00c3\u00bcr Orkan Xaver am Donnerstag 05.12.13"},"content":{"rendered":"<p>Der kommende Orkan wird m\u00c3\u00b6glicherweise wieder zu vermehrten Feuerwehreins\u00c3\u00a4tzen f\u00c3\u00bchren. Der Landesfeuerwehrverband Schleswig-Holstein gibt folgende Sicherheitstipps f\u00c3\u00bcr B\u00c3\u00bcrger:<\/p>\n<ul>\n<li>Sichern Sie Ihr Geb\u00c3\u00a4ude \u00e2\u20ac\u201c achten Sie vor allem auf m\u00c3\u00b6glicherweise bereits vorhandene Besch\u00c3\u00a4digungen des vorhergehenden Sturmes. Schwachstellen k\u00c3\u00b6nnen lose Ziegel, Schornsteine oder Dachrinnen sein.<\/li>\n<li>Stellen Sie Fahrzeuge vorausschauend und sicher ab. Bei \u00c3\u00a4lteren Geb\u00c3\u00a4uden, Baustellen oder morschen B\u00c3\u00a4umen kann der Wind Teile lockern, die dann eventuell auf das Auto herabst\u00c3\u00bcrzen k\u00c3\u00b6nnen.<\/li>\n<li>Sch\u00c3\u00bctzen Sie Keller und Niederg\u00c3\u00a4nge rechtzeitig vor eindringendem Wasser, wenn \u00c3\u0153berflutungsgefahr besteht.<\/li>\n<li>Achten Sie darauf, dass R\u00c3\u00bcckschlagventile im Keller funktionsf\u00c3\u00a4hig sind.<\/li>\n<li>Entfernen Sie Laub aus Wassereinl\u00c3\u00a4ufen wie Gullys oder Abflussrinnen.<\/li>\n<li>Sichern Sie Balkone und Terrassen so, dass M\u00c3\u00b6bel oder Pflanzen nicht umhergewirbelt werden k\u00c3\u00b6nnen.<\/li>\n<\/ul>\n<ul>\nF\u00c3\u00bcr den Zeitraum w\u00c3\u00a4hrend und nach dem Orkan geben die Feuerwehren folgende Tipps:<\/p>\n<li>Verlassen Sie w\u00c3\u00a4hrend des Unwetters das Haus m\u00c3\u00b6glichst nicht.<\/li>\n<li>Meiden Sie W\u00c3\u00a4lder und Alleen \u00e2\u20ac\u201c nicht nur w\u00c3\u00a4hrend, sondern auch nach dem Orkan. Instabile B\u00c3\u00a4ume und herab fallende \u00c3\u201este gef\u00c3\u00a4hrden Sie auch in den Stunden danach.<\/li>\n<li>Wenn Sie Autofahrten nicht vermeiden k\u00c3\u00b6nnen: Passen Sie ihre Fahrgeschwindigkeit an. Achten Sie auf unvorhergesehene Hindernisse wie umherfliegende Gegenst\u00c3\u00a4nde oder abgebrochene \u00c3\u201este.  Beim Ein- und Aussteigen Fahrzeugt\u00c3\u00bcre vorsichtig \u00c3\u00b6ffnen und den Griff fest in der Hand halten. Windb\u00c3\u00b6en k\u00c3\u00b6nnen sonst die T\u00c3\u00bcre aufrei\u00c3\u0178en und erheblichen Schaden anrichten.<\/li>\n<li>Seitenabstand beachten: Vor allem auf Landstra\u00c3\u0178en k\u00c3\u00b6nnen selbst Schwerfahrzeuge wie Lkw oder Busse um mehr als einen Meter versetzen. Im schlimmsten Fall landet man pl\u00c3\u00b6tzlich im Stra\u00c3\u0178engraben oder ger\u00c3\u00a4t auf die Gegenfahrbahn.<\/li>\n<li>Erh\u00c3\u00b6hte Gefahr bei Br\u00c3\u00bccken oder Tunnelausfahrten: Fahrbahngl\u00c3\u00a4tte, Dachlasten oder Aufbauten, die eine breite Angriffsfl\u00c3\u00a4che bieten, k\u00c3\u00b6nnen auch dazu beitragen, dass das Fahrzeug vom Sturm verrissen wird.<\/li>\n<li>Dachlasten und Anh\u00c3\u00a4nger sollten an st\u00c3\u00bcrmischen Tagen vermieden werden. Der Schwerpunkt sollte m\u00c3\u00b6glichst tief liegen, das Gewicht auf beide Fahrzeugachsen verteilt sein.<\/li>\n<li>Wenn man von einer Sturmb\u00c3\u00b6e erfasst wird: Ruhe bewahren. Jede heftige Bewegung mit dem Lenkrad macht das Fahrzeug nur noch instabiler. Um das Auto wieder zur\u00c3\u00bcck auf die Spur zu bringen, nur gef\u00c3\u00bchlvoll gegenlenken.<\/li>\n<\/ul>\n<p>Allgemein gilt: Melden Sie Gefahrenstellen und Sch\u00c3\u00a4den, bei denen Sie Hilfe brauchen, unter der Notrufnummer 112. Bitte melden Sie Sch\u00c3\u00a4den, von denen keine akute Gefahr ausgeht, erst nach dem Ende des Unwetters.<\/p>\n<p>Weitere Informationen zum Orkan erhalten Sie unter www.dwd.de und zu einer m\u00c3\u00b6glichen Sturmflut unter www.bsh.de.<\/p>\n","protected":false},"excerpt":{"rendered":"<p>Der kommende Orkan wird m\u00c3\u00b6glicherweise wieder zu vermehrten Feuerwehreins\u00c3\u00a4tzen f\u00c3\u00bchren. Der Landesfeuerwehrverband Schleswig-Holstein gibt folgende Sicherheitstipps f\u00c3\u00bcr B\u00c3\u00bcrger: Sichern Sie Ihr Geb\u00c3\u00a4ude \u00e2\u20ac\u201c achten Sie&#8230; <a class=\"continue-reading-link\" href=\"https:\/\/www.feuerwehr-hetlingen.de\/Blog\/?p=576\">Mehr<\/a><\/p>\n","protected":false},"author":1,"featured_media":0,"comment_status":"closed","ping_status":"closed","sticky":false,"template":"","format":"standard","meta":{"footnotes":""},"categories":[12,13,23],"tags":[],"class_list":["post-576","post","type-post","status-publish","format-standard","hentry","category-archiv","category-ff-hetlingen-2","category-uvv"],"_links":{"self":[{"href":"https:\/\/www.feuerwehr-hetlingen.de\/Blog\/index.php?rest_route=\/wp\/v2\/posts\/576","targetHints":{"allow":["GET"]}}],"collection":[{"href":"https:\/\/www.feuerwehr-hetlingen.de\/Blog\/index.php?rest_route=\/wp\/v2\/posts"}],"about":[{"href":"https:\/\/www.feuerwehr-hetlingen.de\/Blog\/index.php?rest_route=\/wp\/v2\/types\/post"}],"author":[{"embeddable":true,"href":"https:\/\/www.feuerwehr-hetlingen.de\/Blog\/index.php?rest_route=\/wp\/v2\/users\/1"}],"replies":[{"embeddable":true,"href":"https:\/\/www.feuerwehr-hetlingen.de\/Blog\/index.php?rest_route=%2Fwp%2Fv2%2Fcomments&post=576"}],"version-history":[{"count":4,"href":"https:\/\/www.feuerwehr-hetlingen.de\/Blog\/index.php?rest_route=\/wp\/v2\/posts\/576\/revisions"}],"predecessor-version":[{"id":580,"href":"https:\/\/www.feuerwehr-hetlingen.de\/Blog\/index.php?rest_route=\/wp\/v2\/posts\/576\/revisions\/580"}],"wp:attachment":[{"href":"https:\/\/www.feuerwehr-hetlingen.de\/Blog\/index.php?rest_route=%2Fwp%2Fv2%2Fmedia&parent=576"}],"wp:term":[{"taxonomy":"category","embeddable":true,"href":"https:\/\/www.feuerwehr-hetlingen.de\/Blog\/index.php?rest_route=%2Fwp%2Fv2%2Fcategories&post=576"},{"taxonomy":"post_tag","embeddable":true,"href":"https:\/\/www.feuerwehr-hetlingen.de\/Blog\/index.php?rest_route=%2Fwp%2Fv2%2Ftags&post=576"}],"curies":[{"name":"wp","href":"https:\/\/api.w.org\/{rel}","templated":true}]}}