{"id":660,"date":"2014-02-03T18:13:49","date_gmt":"2014-02-03T16:13:49","guid":{"rendered":"http:\/\/www.feuerwehr-hetlingen.de\/Blog\/?p=660"},"modified":"2015-12-20T23:20:57","modified_gmt":"2015-12-20T21:20:57","slug":"10-01-2014-geehrte-und-befoerderte-kameraden-auf-der-jahreshauptversammlung","status":"publish","type":"post","link":"https:\/\/www.feuerwehr-hetlingen.de\/Blog\/?p=660","title":{"rendered":"10.01.2014 &#8211; Geehrte und bef\u00c3\u00b6rderte Kameraden auf der Jahreshauptversammlung"},"content":{"rendered":"<p>Unsere geehrten und bef\u00c3\u00b6rderten Kameraden der diesj\u00c3\u00a4hrigen Jahreshauptversammlung.<\/p>\n<p>Obere Reihe von links: Andreas Wulff, Michael K\u00c3\u00b6rner, Thomas Sparr, Christian Wrage, Alexander Reese, Christoph Eggers, Torsten Feuchtner, Ole Martinsteg, Alexandre Thom\u00c3\u0178en, Axel Meyer, Werner Krohn, Tobias Richter.<\/p>\n<p>Untere Reihe: Marvin Wischnewski, Friedemann Vo\u00c3\u0178, Timo H\u00c3\u00b6rburger.<\/p>\n<p><a href=\"http:\/\/www.feuerwehr-hetlingen.de\/bilder\/2014JHV\/Ehrungen.png\"><img loading=\"lazy\" decoding=\"async\" class=\"alignnone\" alt=\"\" src=\"http:\/\/www.feuerwehr-hetlingen.de\/bilder\/2014JHV\/Ehrungen250.png\" width=\"250\" height=\"181\" \/><\/a><\/p>\n<p>Quelle: Kirsten Heer<\/p>\n","protected":false},"excerpt":{"rendered":"<p>Unsere geehrten und bef\u00c3\u00b6rderten Kameraden der diesj\u00c3\u00a4hrigen Jahreshauptversammlung. Obere Reihe von links: Andreas Wulff, Michael K\u00c3\u00b6rner, Thomas Sparr, Christian Wrage, Alexander Reese, Christoph Eggers, Torsten&#8230; <a class=\"continue-reading-link\" href=\"https:\/\/www.feuerwehr-hetlingen.de\/Blog\/?p=660\">Mehr<\/a><\/p>\n","protected":false},"author":1,"featured_media":0,"comment_status":"closed","ping_status":"closed","sticky":false,"template":"","format":"standard","meta":{"footnotes":""},"categories":[12,13],"tags":[],"class_list":["post-660","post","type-post","status-publish","format-standard","hentry","category-archiv","category-ff-hetlingen-2"],"_links":{"self":[{"href":"https:\/\/www.feuerwehr-hetlingen.de\/Blog\/index.php?rest_route=\/wp\/v2\/posts\/660","targetHints":{"allow":["GET"]}}],"collection":[{"href":"https:\/\/www.feuerwehr-hetlingen.de\/Blog\/index.php?rest_route=\/wp\/v2\/posts"}],"about":[{"href":"https:\/\/www.feuerwehr-hetlingen.de\/Blog\/index.php?rest_route=\/wp\/v2\/types\/post"}],"author":[{"embeddable":true,"href":"https:\/\/www.feuerwehr-hetlingen.de\/Blog\/index.php?rest_route=\/wp\/v2\/users\/1"}],"replies":[{"embeddable":true,"href":"https:\/\/www.feuerwehr-hetlingen.de\/Blog\/index.php?rest_route=%2Fwp%2Fv2%2Fcomments&post=660"}],"version-history":[{"count":1,"href":"https:\/\/www.feuerwehr-hetlingen.de\/Blog\/index.php?rest_route=\/wp\/v2\/posts\/660\/revisions"}],"predecessor-version":[{"id":661,"href":"https:\/\/www.feuerwehr-hetlingen.de\/Blog\/index.php?rest_route=\/wp\/v2\/posts\/660\/revisions\/661"}],"wp:attachment":[{"href":"https:\/\/www.feuerwehr-hetlingen.de\/Blog\/index.php?rest_route=%2Fwp%2Fv2%2Fmedia&parent=660"}],"wp:term":[{"taxonomy":"category","embeddable":true,"href":"https:\/\/www.feuerwehr-hetlingen.de\/Blog\/index.php?rest_route=%2Fwp%2Fv2%2Fcategories&post=660"},{"taxonomy":"post_tag","embeddable":true,"href":"https:\/\/www.feuerwehr-hetlingen.de\/Blog\/index.php?rest_route=%2Fwp%2Fv2%2Ftags&post=660"}],"curies":[{"name":"wp","href":"https:\/\/api.w.org\/{rel}","templated":true}]}}