{"id":7,"date":"2006-01-07T15:06:44","date_gmt":"2006-01-07T14:06:44","guid":{"rendered":"http:\/\/www.feuerwehr-hetlingen.de\/Blog\/?p=7"},"modified":"2011-06-04T16:37:51","modified_gmt":"2011-06-04T14:37:51","slug":"jahreshauptversammlung-2006","status":"publish","type":"post","link":"https:\/\/www.feuerwehr-hetlingen.de\/Blog\/?p=7","title":{"rendered":"Jahreshauptversammlung 2006"},"content":{"rendered":"<p align=\"left\">Auch in diesem Jahr fand wieder unsere Jahreshauptversammlung statt.\u00c2\u00a0<\/p>\n<p><font face=\"Arial\" size=\"2\">Der Wehrf\u00c3\u00bchrer berichtete aus dem vergangenen Jahr.\u00c2\u00a0<\/font><\/p>\n<p><font face=\"Arial\" size=\"2\">Folgende Kameraden wurden geehrt: Frank M\u00c3\u00b6ller, Fritz Eckert, Matthias WIlmsf\u00c3\u00bcr 10 Jahre aktiven Dienst. Horst Siemsen und Otto Wulff wurden f\u00c3\u00bcr 40 Jahre aktiven Dienst geehrt.<\/font><font face=\"Arial\" size=\"2\">Bef\u00c3\u00b6rdert wurden die Kameraden Axel Meyer, Torsten Feuchtner und Andreas Wulff zum OFM, Rolf Krepele zum HFM sowie Dieter Wahlers zum OLM.<\/font><font face=\"Arial\" size=\"2\"><font face=\"Arial\" size=\"2\">Einstimmig aufgenommen wurde der Feuerwehrmannanw\u00c3\u00a4rter Yannick Kramer als Feuerwehrmann.<\/font><\/font><font face=\"Arial\" size=\"2\"><font face=\"Arial\" size=\"2\">Einstimmig wiedergew\u00c3\u00a4hlt wurden Burghard Sparr als Gruppenf\u00c3\u00bchrer und Werner Wulff als Ger\u00c3\u00a4tewart. Neugew\u00c3\u00a4hlt wurde ebenfalls einstimmig zum Funkwart Axel Meyer. Neue Kassenpr\u00c3\u00bcfer sind Heinz-Joachim Ladiges und Torsten Feuchtner.<\/font><\/font><font face=\"Arial\" size=\"2\"><font face=\"Arial\" size=\"2\">Als Feuerwehrmannanw\u00c3\u00a4rter aufgenommen wurden Christian Behrens, Alexandr\u00c3\u00a9 Thom\u00c3\u0178en und Friedemann Vo\u00c3\u0178.<\/font><\/p>\n<p><\/font><font face=\"Arial\" size=\"2\">Pr\u00c3\u00a4sente f\u00c3\u00bcr hundertprozentige Dienstbeteiligung erhielten Werner Krohn, Holger Martinsteg, Olaf Kraft, Frank M\u00c3\u00b6ller, Thomas Sparr und Uwe Hamkens.<\/font><\/p>\n","protected":false},"excerpt":{"rendered":"<p>Auch in diesem Jahr fand wieder unsere Jahreshauptversammlung statt.\u00c2\u00a0 Der Wehrf\u00c3\u00bchrer berichtete aus dem vergangenen Jahr.\u00c2\u00a0 Folgende Kameraden wurden geehrt: Frank M\u00c3\u00b6ller, Fritz Eckert, Matthias&#8230; <a class=\"continue-reading-link\" href=\"https:\/\/www.feuerwehr-hetlingen.de\/Blog\/?p=7\">Mehr<\/a><\/p>\n","protected":false},"author":1,"featured_media":0,"comment_status":"open","ping_status":"open","sticky":false,"template":"","format":"standard","meta":{"footnotes":""},"categories":[12,13],"tags":[],"class_list":["post-7","post","type-post","status-publish","format-standard","hentry","category-archiv","category-ff-hetlingen-2"],"_links":{"self":[{"href":"https:\/\/www.feuerwehr-hetlingen.de\/Blog\/index.php?rest_route=\/wp\/v2\/posts\/7","targetHints":{"allow":["GET"]}}],"collection":[{"href":"https:\/\/www.feuerwehr-hetlingen.de\/Blog\/index.php?rest_route=\/wp\/v2\/posts"}],"about":[{"href":"https:\/\/www.feuerwehr-hetlingen.de\/Blog\/index.php?rest_route=\/wp\/v2\/types\/post"}],"author":[{"embeddable":true,"href":"https:\/\/www.feuerwehr-hetlingen.de\/Blog\/index.php?rest_route=\/wp\/v2\/users\/1"}],"replies":[{"embeddable":true,"href":"https:\/\/www.feuerwehr-hetlingen.de\/Blog\/index.php?rest_route=%2Fwp%2Fv2%2Fcomments&post=7"}],"version-history":[{"count":0,"href":"https:\/\/www.feuerwehr-hetlingen.de\/Blog\/index.php?rest_route=\/wp\/v2\/posts\/7\/revisions"}],"wp:attachment":[{"href":"https:\/\/www.feuerwehr-hetlingen.de\/Blog\/index.php?rest_route=%2Fwp%2Fv2%2Fmedia&parent=7"}],"wp:term":[{"taxonomy":"category","embeddable":true,"href":"https:\/\/www.feuerwehr-hetlingen.de\/Blog\/index.php?rest_route=%2Fwp%2Fv2%2Fcategories&post=7"},{"taxonomy":"post_tag","embeddable":true,"href":"https:\/\/www.feuerwehr-hetlingen.de\/Blog\/index.php?rest_route=%2Fwp%2Fv2%2Ftags&post=7"}],"curies":[{"name":"wp","href":"https:\/\/api.w.org\/{rel}","templated":true}]}}